{"id":11513,"date":"2018-04-16T16:20:56","date_gmt":"2018-04-16T16:20:56","guid":{"rendered":""},"modified":"2018-04-16T16:20:56","modified_gmt":"2018-04-16T16:20:56","slug":"estudio-identifica-mas-de-100-genes-que-determinan-color-del-pelo","status":"publish","type":"post","link":"https:\/\/sertv.gob.pa\/crisolfm\/estudio-identifica-mas-de-100-genes-que-determinan-color-del-pelo\/","title":{"rendered":"Estudio identifica m\u00e1s de 100 genes que determinan color del pelo"},"content":{"rendered":"<p>\nUn equipo de cient\u00edficos ha podido identificar 124 genes que contribuyen a determinar el color del pelo, un hallazgo que ayuda a entender afecciones vinculadas a la pigmentaci\u00f3n, indica un estudio publicado en Nature. <\/p>\n<p>El descubrimiento, a cargo de expertos del King&#8217;s College de Londres y del Centro M\u00e9dico Erasmus de Rotterdam, ayudar\u00eda a mejorar el conocimiento sobre afecciones de la piel, de algunos tipos de c\u00e1nceres, como el de ovario y el de pr\u00f3stata, y es relevante tambi\u00e9n para las ciencias forenses. <\/p>\n<p>Estudios anteriores determinaron que un alto porcentaje de la variaci\u00f3n del color del pelo reside en factores hereditarios y, adem\u00e1s, se identificaron una docena de genes. <\/p>\n<p>Sin embargo, este nuevo estudio va m\u00e1s all\u00e1 al haber podido localizar genes desconocidos hasta ahora, luego de analizar el ADN de casi 300.000 personas de descendencia europea, junto con la informaci\u00f3n aportada por ellos mismos sobre su color de pelo. <\/p>\n<p>Al comparar sus aportaciones con la informaci\u00f3n gen\u00e9tica, el equipo identific\u00f3 124 genes implicados en el desarrollo del color, de los que en m\u00e1s de un centenar se desconoc\u00eda que tuvieran influencia en la pigmentaci\u00f3n. <\/p>\n<p>\u00abEste trabajo tendr\u00e1 un impacto en varios campos de la Biolog\u00eda y la Medicina. Como el mayor estudio gen\u00e9tico jam\u00e1s realizado, mejorar\u00e1 nuestro entendimiento de enfermedades como el melanoma, una forma agresiva de c\u00e1ncer de piel\u00bb, se\u00f1al\u00f3 el cient\u00edfico Tim Spector, l\u00edder del grupo de expertos, del King&#8217;s College de Londres. <\/p>\n<p>Los genes que afectan el color del pelo igualmente se manifiestan en otros tipos de c\u00e1ncer, seg\u00fan han constatado los cient\u00edficos. <\/p>\n<p>Seg\u00fan Spector, el trabajo ayuda a entender la diversidad humana \u00abal mostrar c\u00f3mo los genes implicados en la pigmentaci\u00f3n sutilmente se adaptan al medio ambiente externo e incluso a las interacciones sociales durante nuestra evoluci\u00f3n\u00bb. <\/p>\n<p>\u00a0 <\/p>\n","protected":false},"excerpt":{"rendered":"<p>Un equipo de cient\u00edficos ha podido identificar 124 genes que <a href=\"https:\/\/sertv.gob.pa\/crisolfm\/estudio-identifica-mas-de-100-genes-que-determinan-color-del-pelo\/\"> [&#8230;]<\/a><\/p>\n","protected":false},"author":1,"featured_media":11514,"comment_status":"closed","ping_status":"closed","sticky":false,"template":"","format":"standard","meta":{"footnotes":""},"categories":[9],"tags":[],"class_list":["post-11513","post","type-post","status-publish","format-standard","has-post-thumbnail","hentry","category-varios"],"_links":{"self":[{"href":"https:\/\/sertv.gob.pa\/crisolfm\/wp-json\/wp\/v2\/posts\/11513","targetHints":{"allow":["GET"]}}],"collection":[{"href":"https:\/\/sertv.gob.pa\/crisolfm\/wp-json\/wp\/v2\/posts"}],"about":[{"href":"https:\/\/sertv.gob.pa\/crisolfm\/wp-json\/wp\/v2\/types\/post"}],"author":[{"embeddable":true,"href":"https:\/\/sertv.gob.pa\/crisolfm\/wp-json\/wp\/v2\/users\/1"}],"replies":[{"embeddable":true,"href":"https:\/\/sertv.gob.pa\/crisolfm\/wp-json\/wp\/v2\/comments?post=11513"}],"version-history":[{"count":0,"href":"https:\/\/sertv.gob.pa\/crisolfm\/wp-json\/wp\/v2\/posts\/11513\/revisions"}],"wp:featuredmedia":[{"embeddable":true,"href":"https:\/\/sertv.gob.pa\/crisolfm\/wp-json\/wp\/v2\/media\/11514"}],"wp:attachment":[{"href":"https:\/\/sertv.gob.pa\/crisolfm\/wp-json\/wp\/v2\/media?parent=11513"}],"wp:term":[{"taxonomy":"category","embeddable":true,"href":"https:\/\/sertv.gob.pa\/crisolfm\/wp-json\/wp\/v2\/categories?post=11513"},{"taxonomy":"post_tag","embeddable":true,"href":"https:\/\/sertv.gob.pa\/crisolfm\/wp-json\/wp\/v2\/tags?post=11513"}],"curies":[{"name":"wp","href":"https:\/\/api.w.org\/{rel}","templated":true}]}}