{"id":11531,"date":"2018-04-17T16:17:58","date_gmt":"2018-04-17T16:17:58","guid":{"rendered":""},"modified":"2018-04-17T16:17:58","modified_gmt":"2018-04-17T16:17:58","slug":"investigan-verdadero-alcance-de-filtracion-de-facebook","status":"publish","type":"post","link":"https:\/\/sertv.gob.pa\/crisolfm\/investigan-verdadero-alcance-de-filtracion-de-facebook\/","title":{"rendered":"Investigan \u00abverdadero alcance\u00bb de filtraci\u00f3n de Facebook"},"content":{"rendered":"<p>\nAutoridades nacionales europeas, entre ellas la Agencia Espa\u00f1ola de Protecci\u00f3n de Datos (AEPD), investigan \u00abel verdadero alcance\u00bb de la filtraci\u00f3n de datos de usuarios de\u00a0Facebook\u00a0a una consultora vinculada con la campa\u00f1a electoral en E.EUU. que dio la victoria a Donald Trump. <\/p>\n<p>\u00abEstamos investigando el caso en coordinaci\u00f3n con la autoridad brit\u00e1nica y la irlandesa\u00bb, todav\u00eda pendientes de los resultados de investigaciones de distintas autoridades nacionales de protecci\u00f3n de datos y varios tribunales e instancias, asegur\u00f3 hoy la directora de la AEPD, Mar Espa\u00f1a, durante su intervenci\u00f3n en el Foro de la Nueva Econom\u00eda. <\/p>\n<p>De confirmarse \u00ablos primeros indicios\u00bb en las investigaciones sobre la consultora Cambridge Analytica, se estar\u00eda no s\u00f3lo ante un ejemplo de utilizaci\u00f3n \u00abilegal\u00bb por esa empresa de datos personales de usuarios de\u00a0Facebook, sino que \u00abse habr\u00edan visto atacados los propios cimientos del estado democr\u00e1tico\u00bb, con el uso \u00abno autorizado\u00bb de informaciones de las que sus titulares no ten\u00edan conocimiento. <\/p>\n<p>Y todo ello, a\u00f1ade, bajo el \u00abconcepto\u00bb de unos servicios gratuitos que ofrecen los proveedores de internet, y que, seg\u00fan la directora de la AEPD, no es m\u00e1s que \u00abla monetizaci\u00f3n de la informaci\u00f3n personal\u00bb de los usuarios, comercializada con destino a una publicidad cada vez m\u00e1s \u00abmicrosegmentada\u00bb de acuerdo al perfil personal que cada uno deja con su huella digital al navegar en internet. <\/p>\n<p>Mar Espa\u00f1a advirti\u00f3 de que en el \u00e1mbito p\u00fablico, en donde los intereses no se mueven por incentivos econ\u00f3micos, el acceso indiscriminado a la informaci\u00f3n personal aumenta el riesgo de concentraci\u00f3n de datos por parte de los poderes p\u00fablicos sobre la vida de los ciudadanos, como ya denunci\u00f3 en su d\u00eda el exanalista de la CIA Edward Snowden. <\/p>\n<p>La tendencia a conservar y utilizar informaci\u00f3n gracias a las nuevas tecnolog\u00edas que facilitan el proceso de reutilizaci\u00f3n de la misma conlleva el riesgo de que ciertos \u00e1mbitos en la esfera p\u00fablica pretendan \u00abcrear bases de datos\u00bb con ellos o \u00abconservarlos\u00bb en vol\u00famenes desproporcionados para usarlos con otros fines a los de pol\u00edtica p\u00fablica. <\/p>\n<p>En los \u00faltimos 8 meses, la Agencia Espa\u00f1ola de Protecci\u00f3n de Datos ha impuesto sanciones a\u00a0Facebook\u00a0por valor de 1,6 millones de euros (1,2 millones de d\u00f3lares) por uso inadecuado de datos personales o por tratar datos sensibles sin el consentimiento de sus titulares y conservarlos durante plazos excesivos pese a que los usuarios hubieran pedido su supresi\u00f3n.\u00a0 <\/p>\n<p>\u00a0 <\/p>\n","protected":false},"excerpt":{"rendered":"<p>Autoridades nacionales europeas, entre ellas la Agencia Espa\u00f1ola de Protecci\u00f3n <a href=\"https:\/\/sertv.gob.pa\/crisolfm\/investigan-verdadero-alcance-de-filtracion-de-facebook\/\"> [&#8230;]<\/a><\/p>\n","protected":false},"author":1,"featured_media":11532,"comment_status":"closed","ping_status":"closed","sticky":false,"template":"","format":"standard","meta":{"footnotes":""},"categories":[9],"tags":[],"class_list":["post-11531","post","type-post","status-publish","format-standard","has-post-thumbnail","hentry","category-varios"],"_links":{"self":[{"href":"https:\/\/sertv.gob.pa\/crisolfm\/wp-json\/wp\/v2\/posts\/11531","targetHints":{"allow":["GET"]}}],"collection":[{"href":"https:\/\/sertv.gob.pa\/crisolfm\/wp-json\/wp\/v2\/posts"}],"about":[{"href":"https:\/\/sertv.gob.pa\/crisolfm\/wp-json\/wp\/v2\/types\/post"}],"author":[{"embeddable":true,"href":"https:\/\/sertv.gob.pa\/crisolfm\/wp-json\/wp\/v2\/users\/1"}],"replies":[{"embeddable":true,"href":"https:\/\/sertv.gob.pa\/crisolfm\/wp-json\/wp\/v2\/comments?post=11531"}],"version-history":[{"count":0,"href":"https:\/\/sertv.gob.pa\/crisolfm\/wp-json\/wp\/v2\/posts\/11531\/revisions"}],"wp:featuredmedia":[{"embeddable":true,"href":"https:\/\/sertv.gob.pa\/crisolfm\/wp-json\/wp\/v2\/media\/11532"}],"wp:attachment":[{"href":"https:\/\/sertv.gob.pa\/crisolfm\/wp-json\/wp\/v2\/media?parent=11531"}],"wp:term":[{"taxonomy":"category","embeddable":true,"href":"https:\/\/sertv.gob.pa\/crisolfm\/wp-json\/wp\/v2\/categories?post=11531"},{"taxonomy":"post_tag","embeddable":true,"href":"https:\/\/sertv.gob.pa\/crisolfm\/wp-json\/wp\/v2\/tags?post=11531"}],"curies":[{"name":"wp","href":"https:\/\/api.w.org\/{rel}","templated":true}]}}