{"id":1280,"date":"2014-12-23T05:00:00","date_gmt":"2014-12-23T05:00:00","guid":{"rendered":""},"modified":"2014-12-23T05:00:00","modified_gmt":"2014-12-23T05:00:00","slug":"el-idilio-entre-guggenheim-y-bilbao-se-prolonga","status":"publish","type":"post","link":"https:\/\/sertv.gob.pa\/crisolfm\/el-idilio-entre-guggenheim-y-bilbao-se-prolonga\/","title":{"rendered":"El  idilio entre Guggenheim y Bilbao se prolonga"},"content":{"rendered":"<p>\nBilbao y la Fundaci\u00f3n Guggenheim de Nueva York renovaron en diciembre un fruct\u00edfero matrimonio de 20 a\u00f1os que, a partir de un museo de arte contempor\u00e1neo, impuls\u00f3 urban\u00edstica y econ\u00f3micamente la entonces decadente ciudad industrial del norte de Espa\u00f1a. <\/p>\n<p>A punto de extinguirse el contrato firmado en 1994, la Solomon R. Guggenheim Foundation de Nueva York y el Museo Guggenheim de Bilbao renovaron el 10 de diciembre por otros 20 a\u00f1os, en vez de los diez previstos, la cooperaci\u00f3n que ha tra\u00eddo a esta ciudad espa\u00f1ola las obras m\u00e1s destacadas del arte contempor\u00e1neo. <\/p>\n<p>Mark Rothko, Gerhard Richter o Eduardo Chillida componen la n\u00f3mina de artistas de su colecci\u00f3n permanente, complementada con exposiciones cedidas temporalmente por Nueva York de Andy Warhol, Robert Motherwell o Alexander Calder. <\/p>\n<p>\u00a0 <\/p>\n","protected":false},"excerpt":{"rendered":"<p>Bilbao y la Fundaci\u00f3n Guggenheim de Nueva York renovaron en <a href=\"https:\/\/sertv.gob.pa\/crisolfm\/el-idilio-entre-guggenheim-y-bilbao-se-prolonga\/\"> [&#8230;]<\/a><\/p>\n","protected":false},"author":1,"featured_media":1281,"comment_status":"closed","ping_status":"closed","sticky":false,"template":"","format":"standard","meta":{"footnotes":""},"categories":[6],"tags":[],"class_list":["post-1280","post","type-post","status-publish","format-standard","has-post-thumbnail","hentry","category-culturales"],"_links":{"self":[{"href":"https:\/\/sertv.gob.pa\/crisolfm\/wp-json\/wp\/v2\/posts\/1280","targetHints":{"allow":["GET"]}}],"collection":[{"href":"https:\/\/sertv.gob.pa\/crisolfm\/wp-json\/wp\/v2\/posts"}],"about":[{"href":"https:\/\/sertv.gob.pa\/crisolfm\/wp-json\/wp\/v2\/types\/post"}],"author":[{"embeddable":true,"href":"https:\/\/sertv.gob.pa\/crisolfm\/wp-json\/wp\/v2\/users\/1"}],"replies":[{"embeddable":true,"href":"https:\/\/sertv.gob.pa\/crisolfm\/wp-json\/wp\/v2\/comments?post=1280"}],"version-history":[{"count":0,"href":"https:\/\/sertv.gob.pa\/crisolfm\/wp-json\/wp\/v2\/posts\/1280\/revisions"}],"wp:featuredmedia":[{"embeddable":true,"href":"https:\/\/sertv.gob.pa\/crisolfm\/wp-json\/wp\/v2\/media\/1281"}],"wp:attachment":[{"href":"https:\/\/sertv.gob.pa\/crisolfm\/wp-json\/wp\/v2\/media?parent=1280"}],"wp:term":[{"taxonomy":"category","embeddable":true,"href":"https:\/\/sertv.gob.pa\/crisolfm\/wp-json\/wp\/v2\/categories?post=1280"},{"taxonomy":"post_tag","embeddable":true,"href":"https:\/\/sertv.gob.pa\/crisolfm\/wp-json\/wp\/v2\/tags?post=1280"}],"curies":[{"name":"wp","href":"https:\/\/api.w.org\/{rel}","templated":true}]}}