{"id":13453,"date":"2018-10-25T12:04:33","date_gmt":"2018-10-25T12:04:33","guid":{"rendered":""},"modified":"2018-10-25T12:04:33","modified_gmt":"2018-10-25T12:04:33","slug":"170-anos-de-fundacion-festeja-el-distrito-de-aguadulce","status":"publish","type":"post","link":"https:\/\/sertv.gob.pa\/crisolfm\/170-anos-de-fundacion-festeja-el-distrito-de-aguadulce\/","title":{"rendered":"170 a\u00f1os de fundaci\u00f3n festeja el distrito de Aguadulce"},"content":{"rendered":"<p>\nEl distrito de Aguadulce, en la provincia de Cocl\u00e9, festej\u00f3 el pasado 19 de octubre sus 170 a\u00f1os de fundaci\u00f3n con un desfile t\u00edpico de carretas y carros aleg\u00f3ricos, tunas, danzas regionales e invitados especiales del Carnaval. Adem\u00e1s, se entregaron reconocimiento a &lsquo;los hijos meritorios del distrito&#8217;, entre ellos Anayansi Sucre, Segundo De Gracia, Carlos Cruz, Rigoberto Villareal, Nixia de Aizpud, Basilia Rodr\u00edguez y al profesor Alonso Nieto, cada uno escogido por las autoridades municipales por su aporte al desarrollo del distrito. <\/p>\n<p>La celebraci\u00f3n continu\u00f3 el s\u00e1bado pasado con un desfile c\u00edvico en el cual se entreg\u00f3 el pabell\u00f3n nacional a la ministra de Econom\u00eda y Finanzas, Eyda Varela de Chinchilla. &lsquo;Para m\u00ed es un honor compartir con ustedes la celebraci\u00f3n de los 170 a\u00f1os de fundaci\u00f3n del distrito de Aguadulce, agradezco a las autoridades por haberme distinguido como abanderada&#8217;, manifest\u00f3 la funcionaria. En la actividad, que culmin\u00f3 el domingo 21 de octubre, particip\u00f3 como abanderado el ministro de Vivienda y Ordenamiento Territorial, Mart\u00edn Sucre Champsaur. <\/p>\n<p>\u00a0 <\/p>\n","protected":false},"excerpt":{"rendered":"<p>El distrito de Aguadulce, en la provincia de Cocl\u00e9, festej\u00f3 <a href=\"https:\/\/sertv.gob.pa\/crisolfm\/170-anos-de-fundacion-festeja-el-distrito-de-aguadulce\/\"> [&#8230;]<\/a><\/p>\n","protected":false},"author":1,"featured_media":13454,"comment_status":"closed","ping_status":"closed","sticky":false,"template":"","format":"standard","meta":{"footnotes":""},"categories":[6],"tags":[],"class_list":["post-13453","post","type-post","status-publish","format-standard","has-post-thumbnail","hentry","category-culturales"],"_links":{"self":[{"href":"https:\/\/sertv.gob.pa\/crisolfm\/wp-json\/wp\/v2\/posts\/13453","targetHints":{"allow":["GET"]}}],"collection":[{"href":"https:\/\/sertv.gob.pa\/crisolfm\/wp-json\/wp\/v2\/posts"}],"about":[{"href":"https:\/\/sertv.gob.pa\/crisolfm\/wp-json\/wp\/v2\/types\/post"}],"author":[{"embeddable":true,"href":"https:\/\/sertv.gob.pa\/crisolfm\/wp-json\/wp\/v2\/users\/1"}],"replies":[{"embeddable":true,"href":"https:\/\/sertv.gob.pa\/crisolfm\/wp-json\/wp\/v2\/comments?post=13453"}],"version-history":[{"count":0,"href":"https:\/\/sertv.gob.pa\/crisolfm\/wp-json\/wp\/v2\/posts\/13453\/revisions"}],"wp:featuredmedia":[{"embeddable":true,"href":"https:\/\/sertv.gob.pa\/crisolfm\/wp-json\/wp\/v2\/media\/13454"}],"wp:attachment":[{"href":"https:\/\/sertv.gob.pa\/crisolfm\/wp-json\/wp\/v2\/media?parent=13453"}],"wp:term":[{"taxonomy":"category","embeddable":true,"href":"https:\/\/sertv.gob.pa\/crisolfm\/wp-json\/wp\/v2\/categories?post=13453"},{"taxonomy":"post_tag","embeddable":true,"href":"https:\/\/sertv.gob.pa\/crisolfm\/wp-json\/wp\/v2\/tags?post=13453"}],"curies":[{"name":"wp","href":"https:\/\/api.w.org\/{rel}","templated":true}]}}