{"id":13743,"date":"2018-11-07T16:00:40","date_gmt":"2018-11-07T16:00:40","guid":{"rendered":"https:\/\/sertv.gob.pa\/crisolfm\/?p=13743"},"modified":"2018-11-07T16:00:40","modified_gmt":"2018-11-07T16:00:40","slug":"arabelle-jaramillo-presenta-su-primer-libro-de-cuentos-y-poemas","status":"publish","type":"post","link":"https:\/\/sertv.gob.pa\/crisolfm\/arabelle-jaramillo-presenta-su-primer-libro-de-cuentos-y-poemas\/","title":{"rendered":"Arabelle Jaramillo presenta su primer libro de cuentos y poemas"},"content":{"rendered":"<p>Este jueves 8 de noviembre, en la Sala Carlos Fuentes de la Embajada de M\u00e9xico en Panam\u00e1, la escritora mexicano-paname\u00f1a Arabelle Jaramillo presentar\u00e1 su primer libro de cuentos y poemas \u201cEl loco\u201d y otros breves textos emergentes (Colecci\u00f3n Plaquette, 2018) editado por su padre, el escritor Enrique Jaramillo Levi. Seg\u00fan la autora, el t\u00edtulo est\u00e1 inspirado en el cuento \u2018El loco&#8217;, que retrata la percepci\u00f3n de locura en la cotidianidad.<\/p>\n<p>\u2018Soy una persona disruptiva&#8217;, manifiesta Arabelle, detallando que esta es su carta de presentaci\u00f3n, \u2018tengo la filosof\u00eda de que estar loco y ser raro es bueno porque eres distinto. Y si est\u00e1s loco, significa que tienes ideas&#8217;. La escritora, quien naci\u00f3 en M\u00e9xico D.F. y actualmente vive entre Quer\u00e9taro y ciudad de Panam\u00e1, asegura que algunas de las historias que est\u00e1n incluidas en su libro son \u2018terror\u00edficas&#8217; y abordan emociones fuertes.<\/p>\n","protected":false},"excerpt":{"rendered":"<p>Este jueves 8 de noviembre, en la Sala Carlos Fuentes <a href=\"https:\/\/sertv.gob.pa\/crisolfm\/arabelle-jaramillo-presenta-su-primer-libro-de-cuentos-y-poemas\/\"> [&#8230;]<\/a><\/p>\n","protected":false},"author":64,"featured_media":13744,"comment_status":"closed","ping_status":"closed","sticky":false,"template":"","format":"standard","meta":{"footnotes":""},"categories":[6],"tags":[],"class_list":["post-13743","post","type-post","status-publish","format-standard","has-post-thumbnail","hentry","category-culturales"],"_links":{"self":[{"href":"https:\/\/sertv.gob.pa\/crisolfm\/wp-json\/wp\/v2\/posts\/13743","targetHints":{"allow":["GET"]}}],"collection":[{"href":"https:\/\/sertv.gob.pa\/crisolfm\/wp-json\/wp\/v2\/posts"}],"about":[{"href":"https:\/\/sertv.gob.pa\/crisolfm\/wp-json\/wp\/v2\/types\/post"}],"author":[{"embeddable":true,"href":"https:\/\/sertv.gob.pa\/crisolfm\/wp-json\/wp\/v2\/users\/64"}],"replies":[{"embeddable":true,"href":"https:\/\/sertv.gob.pa\/crisolfm\/wp-json\/wp\/v2\/comments?post=13743"}],"version-history":[{"count":1,"href":"https:\/\/sertv.gob.pa\/crisolfm\/wp-json\/wp\/v2\/posts\/13743\/revisions"}],"predecessor-version":[{"id":13745,"href":"https:\/\/sertv.gob.pa\/crisolfm\/wp-json\/wp\/v2\/posts\/13743\/revisions\/13745"}],"wp:featuredmedia":[{"embeddable":true,"href":"https:\/\/sertv.gob.pa\/crisolfm\/wp-json\/wp\/v2\/media\/13744"}],"wp:attachment":[{"href":"https:\/\/sertv.gob.pa\/crisolfm\/wp-json\/wp\/v2\/media?parent=13743"}],"wp:term":[{"taxonomy":"category","embeddable":true,"href":"https:\/\/sertv.gob.pa\/crisolfm\/wp-json\/wp\/v2\/categories?post=13743"},{"taxonomy":"post_tag","embeddable":true,"href":"https:\/\/sertv.gob.pa\/crisolfm\/wp-json\/wp\/v2\/tags?post=13743"}],"curies":[{"name":"wp","href":"https:\/\/api.w.org\/{rel}","templated":true}]}}