{"id":13777,"date":"2018-11-08T13:13:01","date_gmt":"2018-11-08T13:13:01","guid":{"rendered":"https:\/\/sertv.gob.pa\/crisolfm\/?p=13777"},"modified":"2018-11-08T13:13:01","modified_gmt":"2018-11-08T13:13:01","slug":"concurso-nacional-de-acordeon-dorindo-cardenas-fue-oficializado","status":"publish","type":"post","link":"https:\/\/sertv.gob.pa\/crisolfm\/concurso-nacional-de-acordeon-dorindo-cardenas-fue-oficializado\/","title":{"rendered":"Concurso nacional de acorde\u00f3n \u201cDorindo C\u00e1rdenas\u201d fue oficializado"},"content":{"rendered":"<p>Dorindo C\u00e1rdenas, acordionista paname\u00f1o, oficializ\u00f3 este mi\u00e9rcoles 7 de noviembre el concurso nacional de acorde\u00f3n que llevar\u00e1 su nombre y que se efectuar\u00e1 a partir de enero de 2019. El evento se realizar\u00e1 en el Encuentro Folcl\u00f3rico del Canajagua y Fiestas de Reyes en Macaracas, provincia de Los Santos. C\u00e1rdenas y el presidente del Patronato del Encuentro Folcl\u00f3rico del Canajagua, Roberto Samaniego, acudieron a la notar\u00eda de la provincia de Los Santos, ubicada en Las Tablas, para que el artista de m\u00fasica t\u00edpica firmara el documento oficial con el cual se autoriza el concurso, cuya primera versi\u00f3n ser\u00e1 el s\u00e1bado 5 de enero en la plaza Gelo C\u00f3rdoba de Macaracas.<\/p>\n<p>Se inform\u00f3 que los participantes deben ser paname\u00f1os y mayores de 13 a\u00f1os de edad. Las piezas que ejecutar\u00e1n ser\u00e1n del estilo: cumbia (abierta), danz\u00f3n cumbia, cumbia cerrada, cumbia zapateada y cumbia atravesada. Todas las piezas interpretadas deben ser de autores paname\u00f1os, y que hayan sido interpretadas por Dorindo C\u00e1rdenas, o de su autor\u00eda, ejecutadas por \u00e9l u otros acordeonistas nacionales y anunciadas por el participante, se\u00f1ala el documento notariado por \u00abel poste de macano negro\u00bb. C\u00e1rdenas agradeci\u00f3 la distinci\u00f3n e invit\u00f3 a sus colegas acordeonistas de todo el pa\u00eds a que participen del concurso. Por su parte, Samaniego revel\u00f3 que los ganadores obtendr\u00e1n un acorde\u00f3n y la medalla Dorindo C\u00e1rdenas.<\/p>\n<p>&nbsp;<\/p>\n<p>&nbsp;<\/p>\n<p>&nbsp;<\/p>\n<p>&nbsp;<\/p>\n","protected":false},"excerpt":{"rendered":"<p>Dorindo C\u00e1rdenas, acordionista paname\u00f1o, oficializ\u00f3 este mi\u00e9rcoles 7 de noviembre <a href=\"https:\/\/sertv.gob.pa\/crisolfm\/concurso-nacional-de-acordeon-dorindo-cardenas-fue-oficializado\/\"> [&#8230;]<\/a><\/p>\n","protected":false},"author":64,"featured_media":13778,"comment_status":"closed","ping_status":"closed","sticky":false,"template":"","format":"standard","meta":{"footnotes":""},"categories":[6],"tags":[],"class_list":["post-13777","post","type-post","status-publish","format-standard","has-post-thumbnail","hentry","category-culturales"],"_links":{"self":[{"href":"https:\/\/sertv.gob.pa\/crisolfm\/wp-json\/wp\/v2\/posts\/13777","targetHints":{"allow":["GET"]}}],"collection":[{"href":"https:\/\/sertv.gob.pa\/crisolfm\/wp-json\/wp\/v2\/posts"}],"about":[{"href":"https:\/\/sertv.gob.pa\/crisolfm\/wp-json\/wp\/v2\/types\/post"}],"author":[{"embeddable":true,"href":"https:\/\/sertv.gob.pa\/crisolfm\/wp-json\/wp\/v2\/users\/64"}],"replies":[{"embeddable":true,"href":"https:\/\/sertv.gob.pa\/crisolfm\/wp-json\/wp\/v2\/comments?post=13777"}],"version-history":[{"count":1,"href":"https:\/\/sertv.gob.pa\/crisolfm\/wp-json\/wp\/v2\/posts\/13777\/revisions"}],"predecessor-version":[{"id":13779,"href":"https:\/\/sertv.gob.pa\/crisolfm\/wp-json\/wp\/v2\/posts\/13777\/revisions\/13779"}],"wp:featuredmedia":[{"embeddable":true,"href":"https:\/\/sertv.gob.pa\/crisolfm\/wp-json\/wp\/v2\/media\/13778"}],"wp:attachment":[{"href":"https:\/\/sertv.gob.pa\/crisolfm\/wp-json\/wp\/v2\/media?parent=13777"}],"wp:term":[{"taxonomy":"category","embeddable":true,"href":"https:\/\/sertv.gob.pa\/crisolfm\/wp-json\/wp\/v2\/categories?post=13777"},{"taxonomy":"post_tag","embeddable":true,"href":"https:\/\/sertv.gob.pa\/crisolfm\/wp-json\/wp\/v2\/tags?post=13777"}],"curies":[{"name":"wp","href":"https:\/\/api.w.org\/{rel}","templated":true}]}}