{"id":1378,"date":"2015-01-13T05:00:00","date_gmt":"2015-01-13T05:00:00","guid":{"rendered":""},"modified":"2015-01-13T05:00:00","modified_gmt":"2015-01-13T05:00:00","slug":"desfile-de-las-mil-polleras-en-las-tablas","status":"publish","type":"post","link":"https:\/\/sertv.gob.pa\/crisolfm\/desfile-de-las-mil-polleras-en-las-tablas\/","title":{"rendered":"Desfile de las Mil Polleras en Las Tablas"},"content":{"rendered":"<p>\nCerca de 15 mil mujeres vestidas con la tradicional pollera desfilaron por las calles de la ciudad de Las Tablas, en la provincia de Los Santos. <\/p>\n<p>El acto dio inicio con las palabras del presidente de Panam\u00e1, Juan Carlos Varela, quien destac\u00f3 que \u00abeste espectacular desfile tiene como objetivo promover nuestras expresiones culturales, folcl\u00f3ricas y art\u00edsticas internacionalmente creando una actividad econ\u00f3mica y tur\u00edstica sustentable para la regi\u00f3n\u00bb. <\/p>\n<p>El \u00abDesfile de las mil Polleras\u00bb fue encabezado por el jugador de grandes ligas paname\u00f1o Carlos Lee como abanderado, seguido de diferentes instituciones gubernamentales y carrozas aleg\u00f3ricas. <\/p>\n<p>La celebraci\u00f3n estuvo organizada por la Autoridad de Turismo de Panam\u00e1 (ATP) y previamente a las actividades, Jes\u00fas Sierra, administrador de la ATP, afirm\u00f3 que \u00abeste tradicional desfile es una ventana important\u00edsima que nos proyecta a nivel nacional e internacional como una naci\u00f3n que custodia y respeta sus aportes vernaculares\u00bb. <\/p>\n<p>El estimado total del costo del desfile super\u00f3 los 300 mil d\u00f3lares, de los cuales la mitad fue aportada por la Autoridad de Turismo de Panam\u00e1, seg\u00fan comunicado de prensa de esa instituci\u00f3n. <\/p>\n<p>El evento cont\u00f3 con la presencia de distintos grupos regionales de toda la rep\u00fablica que mostraron la gran diversidad de polleras que existen en Panam\u00e1. <\/p>\n<p>\u00a0 <\/p>\n","protected":false},"excerpt":{"rendered":"<p>Cerca de 15 mil mujeres vestidas con la tradicional pollera <a href=\"https:\/\/sertv.gob.pa\/crisolfm\/desfile-de-las-mil-polleras-en-las-tablas\/\"> [&#8230;]<\/a><\/p>\n","protected":false},"author":1,"featured_media":1379,"comment_status":"closed","ping_status":"closed","sticky":false,"template":"","format":"standard","meta":{"footnotes":""},"categories":[6],"tags":[],"class_list":["post-1378","post","type-post","status-publish","format-standard","has-post-thumbnail","hentry","category-culturales"],"_links":{"self":[{"href":"https:\/\/sertv.gob.pa\/crisolfm\/wp-json\/wp\/v2\/posts\/1378","targetHints":{"allow":["GET"]}}],"collection":[{"href":"https:\/\/sertv.gob.pa\/crisolfm\/wp-json\/wp\/v2\/posts"}],"about":[{"href":"https:\/\/sertv.gob.pa\/crisolfm\/wp-json\/wp\/v2\/types\/post"}],"author":[{"embeddable":true,"href":"https:\/\/sertv.gob.pa\/crisolfm\/wp-json\/wp\/v2\/users\/1"}],"replies":[{"embeddable":true,"href":"https:\/\/sertv.gob.pa\/crisolfm\/wp-json\/wp\/v2\/comments?post=1378"}],"version-history":[{"count":0,"href":"https:\/\/sertv.gob.pa\/crisolfm\/wp-json\/wp\/v2\/posts\/1378\/revisions"}],"wp:featuredmedia":[{"embeddable":true,"href":"https:\/\/sertv.gob.pa\/crisolfm\/wp-json\/wp\/v2\/media\/1379"}],"wp:attachment":[{"href":"https:\/\/sertv.gob.pa\/crisolfm\/wp-json\/wp\/v2\/media?parent=1378"}],"wp:term":[{"taxonomy":"category","embeddable":true,"href":"https:\/\/sertv.gob.pa\/crisolfm\/wp-json\/wp\/v2\/categories?post=1378"},{"taxonomy":"post_tag","embeddable":true,"href":"https:\/\/sertv.gob.pa\/crisolfm\/wp-json\/wp\/v2\/tags?post=1378"}],"curies":[{"name":"wp","href":"https:\/\/api.w.org\/{rel}","templated":true}]}}