{"id":13830,"date":"2018-11-09T15:50:34","date_gmt":"2018-11-09T15:50:34","guid":{"rendered":"https:\/\/sertv.gob.pa\/crisolfm\/?p=13830"},"modified":"2018-11-09T15:50:34","modified_gmt":"2018-11-09T15:50:34","slug":"eddie-tapiero-presenta-su-libro-la-ruta-de-la-seda","status":"publish","type":"post","link":"https:\/\/sertv.gob.pa\/crisolfm\/eddie-tapiero-presenta-su-libro-la-ruta-de-la-seda\/","title":{"rendered":"Eddie Tapiero presenta su libro \u2018La ruta de la Seda\u2019"},"content":{"rendered":"<p>La presentaci\u00f3n del libro, La Ruta de la Seda y Panam\u00e1, del profesor y economista Eddie Tapiero, y el conversatorio que sobre las ventajas, retos y desaf\u00edos de esta iniciativa de la cual Panam\u00e1 forma parte, potenciando su rol y marca pa\u00eds \u201cLa gran conexi\u00f3n\u201d, se desarroll\u00f3 en la Biblioteca Nacional. \u201cComprender el proyecto de la Ruta de la Seda, es conocer el papel que juega la interconexi\u00f3n y los sistemas multimodales que existe en las diferentes regiones del mundo, por lo que era de esperarse que Panam\u00e1 por su posici\u00f3n geogr\u00e1fica y su injerencia en el trasiego del comercio mundial, a trav\u00e9s del Canal de Panam\u00e1, fuera parte de esta iniciativa\u201d, acot\u00f3 la Viceministra encargada de Relaciones Exteriores, Amira Barsallo durante su participaci\u00f3n en la actividad.<\/p>\n<p>Eddie Tapiero, profesor, economista e investigador con una larga trayectoria, creador de diferentes libros y escritor de temas actuales, ha dado seguimiento a las relaciones diplom\u00e1ticas entre Panam\u00e1 y la Rep\u00fablica Popular China y para ello ha efectuado una investigaci\u00f3n por 5 a\u00f1os para mostrar en esta obra una visi\u00f3n futurista e integral del rol importante de Panam\u00e1 como pa\u00eds en el comercio mundial.<\/p>\n<p>&nbsp;<\/p>\n<p>&nbsp;<\/p>\n","protected":false},"excerpt":{"rendered":"<p>La presentaci\u00f3n del libro, La Ruta de la Seda y <a href=\"https:\/\/sertv.gob.pa\/crisolfm\/eddie-tapiero-presenta-su-libro-la-ruta-de-la-seda\/\"> [&#8230;]<\/a><\/p>\n","protected":false},"author":64,"featured_media":13831,"comment_status":"closed","ping_status":"closed","sticky":false,"template":"","format":"standard","meta":{"footnotes":""},"categories":[6],"tags":[],"class_list":["post-13830","post","type-post","status-publish","format-standard","has-post-thumbnail","hentry","category-culturales"],"_links":{"self":[{"href":"https:\/\/sertv.gob.pa\/crisolfm\/wp-json\/wp\/v2\/posts\/13830","targetHints":{"allow":["GET"]}}],"collection":[{"href":"https:\/\/sertv.gob.pa\/crisolfm\/wp-json\/wp\/v2\/posts"}],"about":[{"href":"https:\/\/sertv.gob.pa\/crisolfm\/wp-json\/wp\/v2\/types\/post"}],"author":[{"embeddable":true,"href":"https:\/\/sertv.gob.pa\/crisolfm\/wp-json\/wp\/v2\/users\/64"}],"replies":[{"embeddable":true,"href":"https:\/\/sertv.gob.pa\/crisolfm\/wp-json\/wp\/v2\/comments?post=13830"}],"version-history":[{"count":1,"href":"https:\/\/sertv.gob.pa\/crisolfm\/wp-json\/wp\/v2\/posts\/13830\/revisions"}],"predecessor-version":[{"id":13832,"href":"https:\/\/sertv.gob.pa\/crisolfm\/wp-json\/wp\/v2\/posts\/13830\/revisions\/13832"}],"wp:featuredmedia":[{"embeddable":true,"href":"https:\/\/sertv.gob.pa\/crisolfm\/wp-json\/wp\/v2\/media\/13831"}],"wp:attachment":[{"href":"https:\/\/sertv.gob.pa\/crisolfm\/wp-json\/wp\/v2\/media?parent=13830"}],"wp:term":[{"taxonomy":"category","embeddable":true,"href":"https:\/\/sertv.gob.pa\/crisolfm\/wp-json\/wp\/v2\/categories?post=13830"},{"taxonomy":"post_tag","embeddable":true,"href":"https:\/\/sertv.gob.pa\/crisolfm\/wp-json\/wp\/v2\/tags?post=13830"}],"curies":[{"name":"wp","href":"https:\/\/api.w.org\/{rel}","templated":true}]}}