{"id":13850,"date":"2018-11-12T12:27:00","date_gmt":"2018-11-12T12:27:00","guid":{"rendered":"https:\/\/sertv.gob.pa\/crisolfm\/?p=13850"},"modified":"2018-11-12T12:27:00","modified_gmt":"2018-11-12T12:27:00","slug":"muestra-de-cine-caribeno-en-gecu","status":"publish","type":"post","link":"https:\/\/sertv.gob.pa\/crisolfm\/muestra-de-cine-caribeno-en-gecu\/","title":{"rendered":"Muestra de Cine Caribe\u00f1o en GECU"},"content":{"rendered":"<p>La 8\u00b0 MUESTRA ITINERANTE DE CINE DEL CARIBE llegar\u00e1 nuevamente a nuestra ciudad durante una semana con su oferta de pel\u00edculas de destacados realizadores de la Cuenca caribe\u00f1a, a partir de hoy lunes 12 al viernes 16 de este mes, en el CINE UNIVERSITARIO, en actividad organizada por el GECU de la Universidad de Panam\u00e1 y en colaboraci\u00f3n con la Oficina de la Muestra Itinerante del Cine de Caribe, del Instituto Cubano de Cine e Industria Cinematogr\u00e1ficos (ICAIC), UNESCO y UNICEF.<\/p>\n<p>La muestra presentar\u00e1 pel\u00edculas de ficci\u00f3n y documentales de directores de Cuba, Rep\u00fablica Dominicana, Jamaica, Belice, Suriname, Hait\u00ed, Trinidad y Tobago, Guadalupe y Martinica en funciones gratuitas en horarios de 3, 5 y 7 pm. Vea la programaci\u00f3n completa en <a href=\"http:\/\/www.gecupanama.com\" target=\"_blank\" rel=\"noopener\">www.gecupanama.com<\/a>, Facebook: @cineuniversitarioup, Twitter: <a href=\"https:\/\/twitter.com\/CineUPanama\" target=\"_blank\" rel=\"noopener\">@CineUPanama<\/a> o Instagram: @cineuniversitarioup. Tel\u00e9fono 523-5391 (Cine Universitario).<\/p>\n<p>&nbsp;<\/p>\n<p>&nbsp;<\/p>\n<p>&nbsp;<\/p>\n","protected":false},"excerpt":{"rendered":"<p>La 8\u00b0 MUESTRA ITINERANTE DE CINE DEL CARIBE llegar\u00e1 nuevamente <a href=\"https:\/\/sertv.gob.pa\/crisolfm\/muestra-de-cine-caribeno-en-gecu\/\"> [&#8230;]<\/a><\/p>\n","protected":false},"author":64,"featured_media":13851,"comment_status":"closed","ping_status":"closed","sticky":false,"template":"","format":"standard","meta":{"footnotes":""},"categories":[6],"tags":[],"class_list":["post-13850","post","type-post","status-publish","format-standard","has-post-thumbnail","hentry","category-culturales"],"_links":{"self":[{"href":"https:\/\/sertv.gob.pa\/crisolfm\/wp-json\/wp\/v2\/posts\/13850","targetHints":{"allow":["GET"]}}],"collection":[{"href":"https:\/\/sertv.gob.pa\/crisolfm\/wp-json\/wp\/v2\/posts"}],"about":[{"href":"https:\/\/sertv.gob.pa\/crisolfm\/wp-json\/wp\/v2\/types\/post"}],"author":[{"embeddable":true,"href":"https:\/\/sertv.gob.pa\/crisolfm\/wp-json\/wp\/v2\/users\/64"}],"replies":[{"embeddable":true,"href":"https:\/\/sertv.gob.pa\/crisolfm\/wp-json\/wp\/v2\/comments?post=13850"}],"version-history":[{"count":1,"href":"https:\/\/sertv.gob.pa\/crisolfm\/wp-json\/wp\/v2\/posts\/13850\/revisions"}],"predecessor-version":[{"id":13852,"href":"https:\/\/sertv.gob.pa\/crisolfm\/wp-json\/wp\/v2\/posts\/13850\/revisions\/13852"}],"wp:featuredmedia":[{"embeddable":true,"href":"https:\/\/sertv.gob.pa\/crisolfm\/wp-json\/wp\/v2\/media\/13851"}],"wp:attachment":[{"href":"https:\/\/sertv.gob.pa\/crisolfm\/wp-json\/wp\/v2\/media?parent=13850"}],"wp:term":[{"taxonomy":"category","embeddable":true,"href":"https:\/\/sertv.gob.pa\/crisolfm\/wp-json\/wp\/v2\/categories?post=13850"},{"taxonomy":"post_tag","embeddable":true,"href":"https:\/\/sertv.gob.pa\/crisolfm\/wp-json\/wp\/v2\/tags?post=13850"}],"curies":[{"name":"wp","href":"https:\/\/api.w.org\/{rel}","templated":true}]}}