{"id":13875,"date":"2018-11-12T15:08:34","date_gmt":"2018-11-12T15:08:34","guid":{"rendered":"https:\/\/sertv.gob.pa\/crisolfm\/?p=13875"},"modified":"2018-11-12T15:08:34","modified_gmt":"2018-11-12T15:08:34","slug":"antigua-ciudad-que-albergara-xxvi-cumbre-iberoamericana","status":"publish","type":"post","link":"https:\/\/sertv.gob.pa\/crisolfm\/antigua-ciudad-que-albergara-xxvi-cumbre-iberoamericana\/","title":{"rendered":"Antigua, ciudad que albergar\u00e1 XXVI Cumbre Iberoamericana"},"content":{"rendered":"<p>A la sombra de tres volcanes y entre las monta\u00f1as y los cerros del oeste de Guatemala se esconde Antigua, una ciudad colonial Patrimonio Cultural de la Humanidad que acoger\u00e1 la XXVI Cumbre Iberoamericana. La Antigua, declarada Patrimonio de la Humanidad por la UNESCO en 1979, ha afrontado casi una veintena de devastadores terremotos, adem\u00e1s de inundaciones e incendios, y pese a todos estos desastres naturales se mantiene en pie, luciendo con orgullo y garbo las grietas de sus edificios. S\u00edmbolo de su historia.<\/p>\n<p>Y ser\u00e1 en uno de sus emblem\u00e1ticos hoteles, en el Casa Santo Domingo, donde el pr\u00f3ximo 16 de noviembre se celebre la XXVI Cumbre Iberoamericana para trazar el camino hacia un futuro sostenible. Este espacio, que en el siglo XVII fue uno de los conventos m\u00e1s grandes de Am\u00e9rica hasta que en 1773 el terremoto de Santa Marta lo destruy\u00f3 casi en su totalidad, se engalanar\u00e1 para recibir a los jefes de Estado y de Gobierno de la regi\u00f3n. As\u00ed es como Antigua recibir\u00e1 a los gobernantes y representantes de 22 pa\u00edses que analizar\u00e1n el futuro de los m\u00e1s de 600 millones de habitantes de la comunidad iberoamericana con la mira fija en un desarrollo inclusivo y sostenible, el tema central de esta cita.<\/p>\n<h1><span style=\"font-size: 12.0pt\">EFE<\/span><\/h1>\n","protected":false},"excerpt":{"rendered":"<p>A la sombra de tres volcanes y entre las monta\u00f1as <a href=\"https:\/\/sertv.gob.pa\/crisolfm\/antigua-ciudad-que-albergara-xxvi-cumbre-iberoamericana\/\"> [&#8230;]<\/a><\/p>\n","protected":false},"author":64,"featured_media":13876,"comment_status":"closed","ping_status":"closed","sticky":false,"template":"","format":"standard","meta":{"footnotes":""},"categories":[6],"tags":[],"class_list":["post-13875","post","type-post","status-publish","format-standard","has-post-thumbnail","hentry","category-culturales"],"_links":{"self":[{"href":"https:\/\/sertv.gob.pa\/crisolfm\/wp-json\/wp\/v2\/posts\/13875","targetHints":{"allow":["GET"]}}],"collection":[{"href":"https:\/\/sertv.gob.pa\/crisolfm\/wp-json\/wp\/v2\/posts"}],"about":[{"href":"https:\/\/sertv.gob.pa\/crisolfm\/wp-json\/wp\/v2\/types\/post"}],"author":[{"embeddable":true,"href":"https:\/\/sertv.gob.pa\/crisolfm\/wp-json\/wp\/v2\/users\/64"}],"replies":[{"embeddable":true,"href":"https:\/\/sertv.gob.pa\/crisolfm\/wp-json\/wp\/v2\/comments?post=13875"}],"version-history":[{"count":1,"href":"https:\/\/sertv.gob.pa\/crisolfm\/wp-json\/wp\/v2\/posts\/13875\/revisions"}],"predecessor-version":[{"id":13877,"href":"https:\/\/sertv.gob.pa\/crisolfm\/wp-json\/wp\/v2\/posts\/13875\/revisions\/13877"}],"wp:featuredmedia":[{"embeddable":true,"href":"https:\/\/sertv.gob.pa\/crisolfm\/wp-json\/wp\/v2\/media\/13876"}],"wp:attachment":[{"href":"https:\/\/sertv.gob.pa\/crisolfm\/wp-json\/wp\/v2\/media?parent=13875"}],"wp:term":[{"taxonomy":"category","embeddable":true,"href":"https:\/\/sertv.gob.pa\/crisolfm\/wp-json\/wp\/v2\/categories?post=13875"},{"taxonomy":"post_tag","embeddable":true,"href":"https:\/\/sertv.gob.pa\/crisolfm\/wp-json\/wp\/v2\/tags?post=13875"}],"curies":[{"name":"wp","href":"https:\/\/api.w.org\/{rel}","templated":true}]}}