{"id":13892,"date":"2018-11-12T18:12:10","date_gmt":"2018-11-12T18:12:10","guid":{"rendered":"https:\/\/sertv.gob.pa\/crisolfm\/?p=13892"},"modified":"2018-11-12T18:12:10","modified_gmt":"2018-11-12T18:12:10","slug":"desfile-de-navidad-se-efectuara-el-16-de-diciembre","status":"publish","type":"post","link":"https:\/\/sertv.gob.pa\/crisolfm\/desfile-de-navidad-se-efectuara-el-16-de-diciembre\/","title":{"rendered":"Desfile de navidad se efectuar\u00e1 el 16 de diciembre"},"content":{"rendered":"<p>El desfile navide\u00f1o organizado por el Municipio de Panam\u00e1 tendr\u00e1 como escenario, nuevamente, a la Cinta Costera y se llevar\u00e1 a cabo el domingo 16 de diciembre, confirm\u00f3 la Alcald\u00eda. A su vez dio a conocer que comenzaron los preparativos para el desfile &#8216;Brilla La Navidad&#8217;, que este a\u00f1o tiene la expectativa de superar la cifra de concurrentes que abarrotaron las calles para disfrutar de las atracciones del desfile pasado.<\/p>\n<p>La subdirecci\u00f3n de esta actividad realiz\u00f3 el pasado jueves 8 de noviembre las audiciones para captar el talento humano que participar\u00e1 en el desfile. Cabe se\u00f1alar que para este evento participar\u00e1n 245 bailarines paname\u00f1os que exhibir\u00e1n su talento a lo largo de la parada navide\u00f1a. La Alcald\u00eda tiene planeada una conferencia de prensa para dar a conocer los detalles y el programa de la actividad que tiene como tema alusivo la conmemoraci\u00f3n de los 500 a\u00f1os de fundaci\u00f3n de la ciudad de Panam\u00e1.<\/p>\n<p>&nbsp;<\/p>\n","protected":false},"excerpt":{"rendered":"<p>El desfile navide\u00f1o organizado por el Municipio de Panam\u00e1 tendr\u00e1 <a href=\"https:\/\/sertv.gob.pa\/crisolfm\/desfile-de-navidad-se-efectuara-el-16-de-diciembre\/\"> [&#8230;]<\/a><\/p>\n","protected":false},"author":64,"featured_media":13893,"comment_status":"closed","ping_status":"closed","sticky":false,"template":"","format":"standard","meta":{"footnotes":""},"categories":[6],"tags":[],"class_list":["post-13892","post","type-post","status-publish","format-standard","has-post-thumbnail","hentry","category-culturales"],"_links":{"self":[{"href":"https:\/\/sertv.gob.pa\/crisolfm\/wp-json\/wp\/v2\/posts\/13892","targetHints":{"allow":["GET"]}}],"collection":[{"href":"https:\/\/sertv.gob.pa\/crisolfm\/wp-json\/wp\/v2\/posts"}],"about":[{"href":"https:\/\/sertv.gob.pa\/crisolfm\/wp-json\/wp\/v2\/types\/post"}],"author":[{"embeddable":true,"href":"https:\/\/sertv.gob.pa\/crisolfm\/wp-json\/wp\/v2\/users\/64"}],"replies":[{"embeddable":true,"href":"https:\/\/sertv.gob.pa\/crisolfm\/wp-json\/wp\/v2\/comments?post=13892"}],"version-history":[{"count":1,"href":"https:\/\/sertv.gob.pa\/crisolfm\/wp-json\/wp\/v2\/posts\/13892\/revisions"}],"predecessor-version":[{"id":13894,"href":"https:\/\/sertv.gob.pa\/crisolfm\/wp-json\/wp\/v2\/posts\/13892\/revisions\/13894"}],"wp:featuredmedia":[{"embeddable":true,"href":"https:\/\/sertv.gob.pa\/crisolfm\/wp-json\/wp\/v2\/media\/13893"}],"wp:attachment":[{"href":"https:\/\/sertv.gob.pa\/crisolfm\/wp-json\/wp\/v2\/media?parent=13892"}],"wp:term":[{"taxonomy":"category","embeddable":true,"href":"https:\/\/sertv.gob.pa\/crisolfm\/wp-json\/wp\/v2\/categories?post=13892"},{"taxonomy":"post_tag","embeddable":true,"href":"https:\/\/sertv.gob.pa\/crisolfm\/wp-json\/wp\/v2\/tags?post=13892"}],"curies":[{"name":"wp","href":"https:\/\/api.w.org\/{rel}","templated":true}]}}