{"id":13895,"date":"2018-11-13T12:46:11","date_gmt":"2018-11-13T12:46:11","guid":{"rendered":"https:\/\/sertv.gob.pa\/crisolfm\/?p=13895"},"modified":"2018-11-13T12:46:11","modified_gmt":"2018-11-13T12:46:11","slug":"hoy-se-celebra-el-dia-del-periodista","status":"publish","type":"post","link":"https:\/\/sertv.gob.pa\/crisolfm\/hoy-se-celebra-el-dia-del-periodista\/","title":{"rendered":"Hoy se celebra el d\u00eda del periodista"},"content":{"rendered":"<p>El \u201cD\u00eda del Periodista\u201d se celebra en Panam\u00e1 hoy 13 de noviembre, una jornada conmemorativa dedicada para homenajear la labor period\u00edstica e igualmente para recordar a los talentos de la pluma que han ca\u00eddo en el ejercicio de esta labor.<\/p>\n<p>En honor a estos comunicadores habr\u00e1 una misa en la iglesia de Santa Ana, a las 8:00 de la ma\u00f1ana, donde se dar\u00e1n palabras frente al busto del paname\u00f1o Gaspar Octavio Hern\u00e1ndez, quien falleci\u00f3 el 13 de noviembre de 1918, mientras ejerc\u00eda su trabajo para el diario La Estrella de Panam\u00e1. Seguido de una romer\u00eda en el Cementerio de Amador, tras un brindis en la Sede del Sindicato de Periodistas. La academia Paname\u00f1a har\u00e1 el 15 de noviembre un homenaje al periodista de vocaci\u00f3n, acto que presidir\u00e1 Ar\u00edstides Royo, a las 7:00 p.m.<\/p>\n<p>&nbsp;<\/p>\n","protected":false},"excerpt":{"rendered":"<p>El \u201cD\u00eda del Periodista\u201d se celebra en Panam\u00e1 hoy 13 <a href=\"https:\/\/sertv.gob.pa\/crisolfm\/hoy-se-celebra-el-dia-del-periodista\/\"> [&#8230;]<\/a><\/p>\n","protected":false},"author":64,"featured_media":13896,"comment_status":"closed","ping_status":"closed","sticky":false,"template":"","format":"standard","meta":{"footnotes":""},"categories":[6],"tags":[],"class_list":["post-13895","post","type-post","status-publish","format-standard","has-post-thumbnail","hentry","category-culturales"],"_links":{"self":[{"href":"https:\/\/sertv.gob.pa\/crisolfm\/wp-json\/wp\/v2\/posts\/13895","targetHints":{"allow":["GET"]}}],"collection":[{"href":"https:\/\/sertv.gob.pa\/crisolfm\/wp-json\/wp\/v2\/posts"}],"about":[{"href":"https:\/\/sertv.gob.pa\/crisolfm\/wp-json\/wp\/v2\/types\/post"}],"author":[{"embeddable":true,"href":"https:\/\/sertv.gob.pa\/crisolfm\/wp-json\/wp\/v2\/users\/64"}],"replies":[{"embeddable":true,"href":"https:\/\/sertv.gob.pa\/crisolfm\/wp-json\/wp\/v2\/comments?post=13895"}],"version-history":[{"count":1,"href":"https:\/\/sertv.gob.pa\/crisolfm\/wp-json\/wp\/v2\/posts\/13895\/revisions"}],"predecessor-version":[{"id":13897,"href":"https:\/\/sertv.gob.pa\/crisolfm\/wp-json\/wp\/v2\/posts\/13895\/revisions\/13897"}],"wp:featuredmedia":[{"embeddable":true,"href":"https:\/\/sertv.gob.pa\/crisolfm\/wp-json\/wp\/v2\/media\/13896"}],"wp:attachment":[{"href":"https:\/\/sertv.gob.pa\/crisolfm\/wp-json\/wp\/v2\/media?parent=13895"}],"wp:term":[{"taxonomy":"category","embeddable":true,"href":"https:\/\/sertv.gob.pa\/crisolfm\/wp-json\/wp\/v2\/categories?post=13895"},{"taxonomy":"post_tag","embeddable":true,"href":"https:\/\/sertv.gob.pa\/crisolfm\/wp-json\/wp\/v2\/tags?post=13895"}],"curies":[{"name":"wp","href":"https:\/\/api.w.org\/{rel}","templated":true}]}}