{"id":13911,"date":"2018-11-13T13:39:20","date_gmt":"2018-11-13T13:39:20","guid":{"rendered":"https:\/\/sertv.gob.pa\/crisolfm\/?p=13911"},"modified":"2018-11-13T13:39:20","modified_gmt":"2018-11-13T13:39:20","slug":"fallece-leyenda-del-comic-stan-lee","status":"publish","type":"post","link":"https:\/\/sertv.gob.pa\/crisolfm\/fallece-leyenda-del-comic-stan-lee\/","title":{"rendered":"Fallece leyenda del c\u00f3mic, Stan Lee"},"content":{"rendered":"<p>La leyenda del c\u00f3mic Stan Lee, el responsable de emblem\u00e1ticos personajes como Spider-Man o Hulk, falleci\u00f3 en Los \u00c1ngeles (EE.UU.) a los 95 a\u00f1os, inform\u00f3 el medio especializado en noticias de famosos TMZ. \u00abMi padre am\u00f3 a todos sus fans. Fue el hombre m\u00e1s decente y grande\u00bb, dijo a TMZ Joan Celia Lee, hija del artista.<\/p>\n<p>Las primeras informaciones aseguran que Lee (Nueva York, 1922) fue trasladado a primera hora de la ma\u00f1ana desde su domicilio en Hollywood Hills a un hospital de Los \u00c1ngeles, donde muri\u00f3. Coloso de las vi\u00f1etas estadounidenses y referencia imprescindible de la cultura popular en el \u00faltimo medio siglo desde la editorial Marvel, Lee cre\u00f3 adem\u00e1s otros famosos personajes como The Fantastic Four, Iron Man, The X-Men o Daredevil. El autor hab\u00eda sufrido numerosos problemas de salud en los \u00faltimos tiempos y hab\u00eda perdido en 2017 a Joan Lee, la mujer con la que estuvo casado durante casi siete d\u00e9cadas.<\/p>\n<p>EFE<\/p>\n","protected":false},"excerpt":{"rendered":"<p>La leyenda del c\u00f3mic Stan Lee, el responsable de emblem\u00e1ticos <a href=\"https:\/\/sertv.gob.pa\/crisolfm\/fallece-leyenda-del-comic-stan-lee\/\"> [&#8230;]<\/a><\/p>\n","protected":false},"author":64,"featured_media":13912,"comment_status":"closed","ping_status":"closed","sticky":false,"template":"","format":"standard","meta":{"footnotes":""},"categories":[6],"tags":[],"class_list":["post-13911","post","type-post","status-publish","format-standard","has-post-thumbnail","hentry","category-culturales"],"_links":{"self":[{"href":"https:\/\/sertv.gob.pa\/crisolfm\/wp-json\/wp\/v2\/posts\/13911","targetHints":{"allow":["GET"]}}],"collection":[{"href":"https:\/\/sertv.gob.pa\/crisolfm\/wp-json\/wp\/v2\/posts"}],"about":[{"href":"https:\/\/sertv.gob.pa\/crisolfm\/wp-json\/wp\/v2\/types\/post"}],"author":[{"embeddable":true,"href":"https:\/\/sertv.gob.pa\/crisolfm\/wp-json\/wp\/v2\/users\/64"}],"replies":[{"embeddable":true,"href":"https:\/\/sertv.gob.pa\/crisolfm\/wp-json\/wp\/v2\/comments?post=13911"}],"version-history":[{"count":1,"href":"https:\/\/sertv.gob.pa\/crisolfm\/wp-json\/wp\/v2\/posts\/13911\/revisions"}],"predecessor-version":[{"id":13913,"href":"https:\/\/sertv.gob.pa\/crisolfm\/wp-json\/wp\/v2\/posts\/13911\/revisions\/13913"}],"wp:featuredmedia":[{"embeddable":true,"href":"https:\/\/sertv.gob.pa\/crisolfm\/wp-json\/wp\/v2\/media\/13912"}],"wp:attachment":[{"href":"https:\/\/sertv.gob.pa\/crisolfm\/wp-json\/wp\/v2\/media?parent=13911"}],"wp:term":[{"taxonomy":"category","embeddable":true,"href":"https:\/\/sertv.gob.pa\/crisolfm\/wp-json\/wp\/v2\/categories?post=13911"},{"taxonomy":"post_tag","embeddable":true,"href":"https:\/\/sertv.gob.pa\/crisolfm\/wp-json\/wp\/v2\/tags?post=13911"}],"curies":[{"name":"wp","href":"https:\/\/api.w.org\/{rel}","templated":true}]}}