{"id":13929,"date":"2018-11-13T15:04:41","date_gmt":"2018-11-13T15:04:41","guid":{"rendered":"https:\/\/sertv.gob.pa\/crisolfm\/?p=13929"},"modified":"2018-11-13T15:04:41","modified_gmt":"2018-11-13T15:04:41","slug":"francisca-aguirre-premio-nacional-de-las-letras","status":"publish","type":"post","link":"https:\/\/sertv.gob.pa\/crisolfm\/francisca-aguirre-premio-nacional-de-las-letras\/","title":{"rendered":"Francisca Aguirre, premio Nacional de las Letras"},"content":{"rendered":"<p><strong>F<a href=\"https:\/\/www.abc.es\/20111117\/cultura-libros\/abci-francisca-aguirre-premio-nacional-201111171239.html\" target=\"_blank\" rel=\"noopener\">rancisca Aguirre<\/a><\/strong> (Alicante, 1930) ha sido galardonada con el <a href=\"https:\/\/www.mecd.gob.es\/cultura-mecd\/areas-cultura\/libro\/premios\/listado-de-premios\/premios-nacionales\/letras-espanolas\/presentacion.html\" target=\"_blank\" rel=\"noopener\">premio Nacional de las Letras<\/a> en su edici\u00f3n de 2018. El galard\u00f3n, que concede el <a href=\"http:\/\/www.mecd.gob.es\/portada-mecd\/\" target=\"_blank\" rel=\"noopener\">Ministerio de Cultura y Deporte<\/a> de Madrid y que tiene por objeto reconocer el <strong>conjunto de la obra literaria<\/strong> de un autor espa\u00f1ol, escrita en cualquiera de las lenguas espa\u00f1olas, est\u00e1 dotado con <strong>40.000 euros<\/strong>. El jurado ha destacado que su poes\u00eda \u00abla m\u00e1s machadiana de la generaci\u00f3n del medio siglo\u00bb est\u00e1 \u00abentre la desolaci\u00f3n y la clarividencia, la lucidez y el dolor, susurrando, m\u00e1s que diciendo, palabras situadas entre la conciencia y la memoria\u00bb.<\/p>\n<p>Aguirre, que en 2011 gan\u00f3 el Nacional de Poes\u00eda con \u00abHistoria de una anatom\u00eda\u00bb, es hija del pintor Lorenzo Aguirre, a quien le dedic\u00f3 el poemario \u00abTrescientos escalones\u00bb. Su primer poemario, premio de poes\u00eda Leopoldo Panero, fue \u00ab\u00cdtaca\u00bb. Desde entonces, y con la excepci\u00f3n de la d\u00e9cada de los 80, la autora ha continuado publicando su obra de manera ininterrumpida. Es autora, adem\u00e1s, de poemarios como \u00abEnsayo General\u00bb, \u00abPavana del desasosiego\u00bb, \u00abEnsayo General. Poes\u00eda completa 1966-2000\u00bb o \u00abNanas para dormir desperdicios\u00bb. Es, tambi\u00e9n, autora del libro de relatos \u00abQue planche Rosa Luxemburgo\u00bb, por el que consigui\u00f3 el Premio Galiana en 1994 y del libro de recuerdos \u00abEspejito, espejito\u00bb. Sus obras han sido traducidas al franc\u00e9s, italiano, portugu\u00e9s y \u00e1rabe.<\/p>\n<p><strong>ABC Cultura<\/strong><\/p>\n<p>&nbsp;<\/p>\n","protected":false},"excerpt":{"rendered":"<p>Francisca Aguirre (Alicante, 1930) ha sido galardonada con el premio <a href=\"https:\/\/sertv.gob.pa\/crisolfm\/francisca-aguirre-premio-nacional-de-las-letras\/\"> [&#8230;]<\/a><\/p>\n","protected":false},"author":64,"featured_media":13930,"comment_status":"closed","ping_status":"closed","sticky":false,"template":"","format":"standard","meta":{"footnotes":""},"categories":[6],"tags":[],"class_list":["post-13929","post","type-post","status-publish","format-standard","has-post-thumbnail","hentry","category-culturales"],"_links":{"self":[{"href":"https:\/\/sertv.gob.pa\/crisolfm\/wp-json\/wp\/v2\/posts\/13929","targetHints":{"allow":["GET"]}}],"collection":[{"href":"https:\/\/sertv.gob.pa\/crisolfm\/wp-json\/wp\/v2\/posts"}],"about":[{"href":"https:\/\/sertv.gob.pa\/crisolfm\/wp-json\/wp\/v2\/types\/post"}],"author":[{"embeddable":true,"href":"https:\/\/sertv.gob.pa\/crisolfm\/wp-json\/wp\/v2\/users\/64"}],"replies":[{"embeddable":true,"href":"https:\/\/sertv.gob.pa\/crisolfm\/wp-json\/wp\/v2\/comments?post=13929"}],"version-history":[{"count":1,"href":"https:\/\/sertv.gob.pa\/crisolfm\/wp-json\/wp\/v2\/posts\/13929\/revisions"}],"predecessor-version":[{"id":13931,"href":"https:\/\/sertv.gob.pa\/crisolfm\/wp-json\/wp\/v2\/posts\/13929\/revisions\/13931"}],"wp:featuredmedia":[{"embeddable":true,"href":"https:\/\/sertv.gob.pa\/crisolfm\/wp-json\/wp\/v2\/media\/13930"}],"wp:attachment":[{"href":"https:\/\/sertv.gob.pa\/crisolfm\/wp-json\/wp\/v2\/media?parent=13929"}],"wp:term":[{"taxonomy":"category","embeddable":true,"href":"https:\/\/sertv.gob.pa\/crisolfm\/wp-json\/wp\/v2\/categories?post=13929"},{"taxonomy":"post_tag","embeddable":true,"href":"https:\/\/sertv.gob.pa\/crisolfm\/wp-json\/wp\/v2\/tags?post=13929"}],"curies":[{"name":"wp","href":"https:\/\/api.w.org\/{rel}","templated":true}]}}