{"id":13968,"date":"2018-11-14T17:51:45","date_gmt":"2018-11-14T17:51:45","guid":{"rendered":"https:\/\/sertv.gob.pa\/crisolfm\/?p=13968"},"modified":"2018-11-14T17:51:45","modified_gmt":"2018-11-14T17:51:45","slug":"carta-escrita-por-einstein-es-subastada-en-casi-40-mil-dolares","status":"publish","type":"post","link":"https:\/\/sertv.gob.pa\/crisolfm\/carta-escrita-por-einstein-es-subastada-en-casi-40-mil-dolares\/","title":{"rendered":"Carta escrita por Einstein es subastada en casi 40 mil d\u00f3lares"},"content":{"rendered":"<p>Una carta escrita a mano por Albert Einstein en la que advierte sobre los peligros del nacionalismo y antisemitismo a\u00f1os antes de que los nazis ascendieran al poder fue subastada el martes en casi 40 mil d\u00f3lares. La Casa de Subastas Kedem dijo que la misiva hasta ahora desconocida, ofrecida por un coleccionista an\u00f3nimo, se vendi\u00f3 por 39 mil 360 d\u00f3lares en Jerusal\u00e9n.<\/p>\n<p>Einstein escribi\u00f3 la carta a su hermana tras irse a la clandestinidad en 1922 luego que el ministro de Exteriores de Alemania, quien era jud\u00edo, fue asesinado por extremistas de derecha. La polic\u00eda hab\u00eda advertido al cient\u00edfico jud\u00edo que su vida tambi\u00e9n pod\u00eda estar en peligro. \u00abSe estaban fermentando situaciones pol\u00edtica y econ\u00f3micamente oscuras, as\u00ed que me alegra poder escaparme de todo esto\u00bb, escribi\u00f3 Einstein. Kedem dijo que la misiva fue vendida en m\u00e1s o menos el doble del precio previsto.<\/p>\n<p>&nbsp;<\/p>\n<p>AP<\/p>\n","protected":false},"excerpt":{"rendered":"<p>Una carta escrita a mano por Albert Einstein en la <a href=\"https:\/\/sertv.gob.pa\/crisolfm\/carta-escrita-por-einstein-es-subastada-en-casi-40-mil-dolares\/\"> [&#8230;]<\/a><\/p>\n","protected":false},"author":64,"featured_media":13969,"comment_status":"closed","ping_status":"closed","sticky":false,"template":"","format":"standard","meta":{"footnotes":""},"categories":[6],"tags":[],"class_list":["post-13968","post","type-post","status-publish","format-standard","has-post-thumbnail","hentry","category-culturales"],"_links":{"self":[{"href":"https:\/\/sertv.gob.pa\/crisolfm\/wp-json\/wp\/v2\/posts\/13968","targetHints":{"allow":["GET"]}}],"collection":[{"href":"https:\/\/sertv.gob.pa\/crisolfm\/wp-json\/wp\/v2\/posts"}],"about":[{"href":"https:\/\/sertv.gob.pa\/crisolfm\/wp-json\/wp\/v2\/types\/post"}],"author":[{"embeddable":true,"href":"https:\/\/sertv.gob.pa\/crisolfm\/wp-json\/wp\/v2\/users\/64"}],"replies":[{"embeddable":true,"href":"https:\/\/sertv.gob.pa\/crisolfm\/wp-json\/wp\/v2\/comments?post=13968"}],"version-history":[{"count":1,"href":"https:\/\/sertv.gob.pa\/crisolfm\/wp-json\/wp\/v2\/posts\/13968\/revisions"}],"predecessor-version":[{"id":13970,"href":"https:\/\/sertv.gob.pa\/crisolfm\/wp-json\/wp\/v2\/posts\/13968\/revisions\/13970"}],"wp:featuredmedia":[{"embeddable":true,"href":"https:\/\/sertv.gob.pa\/crisolfm\/wp-json\/wp\/v2\/media\/13969"}],"wp:attachment":[{"href":"https:\/\/sertv.gob.pa\/crisolfm\/wp-json\/wp\/v2\/media?parent=13968"}],"wp:term":[{"taxonomy":"category","embeddable":true,"href":"https:\/\/sertv.gob.pa\/crisolfm\/wp-json\/wp\/v2\/categories?post=13968"},{"taxonomy":"post_tag","embeddable":true,"href":"https:\/\/sertv.gob.pa\/crisolfm\/wp-json\/wp\/v2\/tags?post=13968"}],"curies":[{"name":"wp","href":"https:\/\/api.w.org\/{rel}","templated":true}]}}