{"id":13977,"date":"2018-11-15T12:52:59","date_gmt":"2018-11-15T12:52:59","guid":{"rendered":"https:\/\/sertv.gob.pa\/crisolfm\/?p=13977"},"modified":"2018-11-15T12:52:59","modified_gmt":"2018-11-15T12:52:59","slug":"fernando-del-paso-escritor-mexicano-fallece-a-los-83-anos","status":"publish","type":"post","link":"https:\/\/sertv.gob.pa\/crisolfm\/fernando-del-paso-escritor-mexicano-fallece-a-los-83-anos\/","title":{"rendered":"Fernando del Paso, escritor mexicano, fallece a los 83 a\u00f1os"},"content":{"rendered":"<p>El escritor mexicano Fernando del Paso, premio Cervantes 2015, muri\u00f3 en la ciudad de Guadalajara, confirmaron a Efe sus familiares. \u2018S\u00ed, tristemente confirmo el fallecimiento de mi padre a las 9.05 de la ma\u00f1ana (15.05 GMT), del d\u00eda de hoy, mi\u00e9rcoles 14 de noviembre&#8217;, anunci\u00f3 su hija Paulina. Del Paso consideraba que dibujar era una \u2018venganza&#8217; de su mano izquierda \u2018al acto de escribir&#8217;, el que le consagr\u00f3 como autor de novelas colosales como \u2018Noticias del Imperio&#8217;, una obra maestra de la narrativa mexicana.<\/p>\n<p>Nacido en Ciudad de M\u00e9xico el 1 de abril de 1935, de ni\u00f1o so\u00f1\u00f3 con dedicarse al humor gr\u00e1fico, posibilidad que rechaz\u00f3 por falta de habilidad con el l\u00e1piz pero que retom\u00f3 a\u00f1os despu\u00e9s como una especie de liberaci\u00f3n. Los primeros pasos del autor se encaminaron al dibujo, una de sus grandes pasiones, pues de 1955 a 1969 trabaj\u00f3 como creativo en el mundo de la publicidad. Diplom\u00e1tico, acad\u00e9mico y periodista, residi\u00f3 en Londres m\u00e1s de una d\u00e9cada (1970-1985), donde fue locutor de la BBC, y entre 1986 y 1988.<\/p>\n<p>EFE<\/p>\n","protected":false},"excerpt":{"rendered":"<p>El escritor mexicano Fernando del Paso, premio Cervantes 2015, muri\u00f3 <a href=\"https:\/\/sertv.gob.pa\/crisolfm\/fernando-del-paso-escritor-mexicano-fallece-a-los-83-anos\/\"> [&#8230;]<\/a><\/p>\n","protected":false},"author":64,"featured_media":13978,"comment_status":"closed","ping_status":"closed","sticky":false,"template":"","format":"standard","meta":{"footnotes":""},"categories":[6],"tags":[],"class_list":["post-13977","post","type-post","status-publish","format-standard","has-post-thumbnail","hentry","category-culturales"],"_links":{"self":[{"href":"https:\/\/sertv.gob.pa\/crisolfm\/wp-json\/wp\/v2\/posts\/13977","targetHints":{"allow":["GET"]}}],"collection":[{"href":"https:\/\/sertv.gob.pa\/crisolfm\/wp-json\/wp\/v2\/posts"}],"about":[{"href":"https:\/\/sertv.gob.pa\/crisolfm\/wp-json\/wp\/v2\/types\/post"}],"author":[{"embeddable":true,"href":"https:\/\/sertv.gob.pa\/crisolfm\/wp-json\/wp\/v2\/users\/64"}],"replies":[{"embeddable":true,"href":"https:\/\/sertv.gob.pa\/crisolfm\/wp-json\/wp\/v2\/comments?post=13977"}],"version-history":[{"count":1,"href":"https:\/\/sertv.gob.pa\/crisolfm\/wp-json\/wp\/v2\/posts\/13977\/revisions"}],"predecessor-version":[{"id":13979,"href":"https:\/\/sertv.gob.pa\/crisolfm\/wp-json\/wp\/v2\/posts\/13977\/revisions\/13979"}],"wp:featuredmedia":[{"embeddable":true,"href":"https:\/\/sertv.gob.pa\/crisolfm\/wp-json\/wp\/v2\/media\/13978"}],"wp:attachment":[{"href":"https:\/\/sertv.gob.pa\/crisolfm\/wp-json\/wp\/v2\/media?parent=13977"}],"wp:term":[{"taxonomy":"category","embeddable":true,"href":"https:\/\/sertv.gob.pa\/crisolfm\/wp-json\/wp\/v2\/categories?post=13977"},{"taxonomy":"post_tag","embeddable":true,"href":"https:\/\/sertv.gob.pa\/crisolfm\/wp-json\/wp\/v2\/tags?post=13977"}],"curies":[{"name":"wp","href":"https:\/\/api.w.org\/{rel}","templated":true}]}}