{"id":13981,"date":"2018-11-15T13:06:04","date_gmt":"2018-11-15T13:06:04","guid":{"rendered":"https:\/\/sertv.gob.pa\/crisolfm\/?p=13981"},"modified":"2018-11-15T13:06:04","modified_gmt":"2018-11-15T13:06:04","slug":"alicia-viteri-artista-plastica-es-homenajeada-en-colombia","status":"publish","type":"post","link":"https:\/\/sertv.gob.pa\/crisolfm\/alicia-viteri-artista-plastica-es-homenajeada-en-colombia\/","title":{"rendered":"Alicia Viteri, artista pl\u00e1stica, es homenajeada en Colombia"},"content":{"rendered":"<p>La Fundaci\u00f3n Museo Taminango en San Juan de Pasto, en el departamento de Nari\u00f1o, en Colombia, cumple 50 a\u00f1os de actividad art\u00edstica y celebra este aniversario con la inauguraci\u00f3n de un nuevo edificio dedicado al arte moderno que se suma a su ubicaci\u00f3n actual, una edificaci\u00f3n que data del siglo XVII y que fue elevada a la categor\u00eda de monumento nacional. La principal homenajeada de esta actividad es Alicia Viteri, artista pl\u00e1stica nacida en esta ciudad colombiana y residente en Panam\u00e1 por m\u00e1s de 30 a\u00f1os. Aunque Viteri ha desarrollado su carrera art\u00edstica en nuestro pa\u00eds, es considerada la artista pastusa de mayor trascendencia por su proyecci\u00f3n tanto en Panam\u00e1 como en Colombia y en los pa\u00edses donde ha llevado su obra.<\/p>\n<p>La nueva edificaci\u00f3n, que fungir\u00e1 como galer\u00eda, sala de conferencias y de conciertos, lucir\u00e1 en una de sus paredes principales el mural \u2018Espacios Pict\u00f3ricos&#8217;, obra que Viteri pint\u00f3 en el a\u00f1o de 1984 y que tiene 3 metros de alto x 7 de ancho. Su ubicaci\u00f3n ser\u00e1 privilegiada, estar\u00e1 en el hall de entrada. El acto de inauguraci\u00f3n se efectuar\u00e1 el d\u00eda de hoy, a las 7 de la noche.<\/p>\n<p>&nbsp;<\/p>\n","protected":false},"excerpt":{"rendered":"<p>La Fundaci\u00f3n Museo Taminango en San Juan de Pasto, en <a href=\"https:\/\/sertv.gob.pa\/crisolfm\/alicia-viteri-artista-plastica-es-homenajeada-en-colombia\/\"> [&#8230;]<\/a><\/p>\n","protected":false},"author":64,"featured_media":13982,"comment_status":"closed","ping_status":"closed","sticky":false,"template":"","format":"standard","meta":{"footnotes":""},"categories":[6],"tags":[],"class_list":["post-13981","post","type-post","status-publish","format-standard","has-post-thumbnail","hentry","category-culturales"],"_links":{"self":[{"href":"https:\/\/sertv.gob.pa\/crisolfm\/wp-json\/wp\/v2\/posts\/13981","targetHints":{"allow":["GET"]}}],"collection":[{"href":"https:\/\/sertv.gob.pa\/crisolfm\/wp-json\/wp\/v2\/posts"}],"about":[{"href":"https:\/\/sertv.gob.pa\/crisolfm\/wp-json\/wp\/v2\/types\/post"}],"author":[{"embeddable":true,"href":"https:\/\/sertv.gob.pa\/crisolfm\/wp-json\/wp\/v2\/users\/64"}],"replies":[{"embeddable":true,"href":"https:\/\/sertv.gob.pa\/crisolfm\/wp-json\/wp\/v2\/comments?post=13981"}],"version-history":[{"count":1,"href":"https:\/\/sertv.gob.pa\/crisolfm\/wp-json\/wp\/v2\/posts\/13981\/revisions"}],"predecessor-version":[{"id":13983,"href":"https:\/\/sertv.gob.pa\/crisolfm\/wp-json\/wp\/v2\/posts\/13981\/revisions\/13983"}],"wp:featuredmedia":[{"embeddable":true,"href":"https:\/\/sertv.gob.pa\/crisolfm\/wp-json\/wp\/v2\/media\/13982"}],"wp:attachment":[{"href":"https:\/\/sertv.gob.pa\/crisolfm\/wp-json\/wp\/v2\/media?parent=13981"}],"wp:term":[{"taxonomy":"category","embeddable":true,"href":"https:\/\/sertv.gob.pa\/crisolfm\/wp-json\/wp\/v2\/categories?post=13981"},{"taxonomy":"post_tag","embeddable":true,"href":"https:\/\/sertv.gob.pa\/crisolfm\/wp-json\/wp\/v2\/tags?post=13981"}],"curies":[{"name":"wp","href":"https:\/\/api.w.org\/{rel}","templated":true}]}}