{"id":14016,"date":"2018-11-16T12:20:57","date_gmt":"2018-11-16T12:20:57","guid":{"rendered":"https:\/\/sertv.gob.pa\/crisolfm\/?p=14016"},"modified":"2018-11-16T12:20:57","modified_gmt":"2018-11-16T12:20:57","slug":"poeta-uruguaya-ida-vitale-gana-premio-cervantes","status":"publish","type":"post","link":"https:\/\/sertv.gob.pa\/crisolfm\/poeta-uruguaya-ida-vitale-gana-premio-cervantes\/","title":{"rendered":"Poeta uruguaya, Ida Vitale, gana Premio Cervantes"},"content":{"rendered":"<p>La uruguaya Ida Vitale, referente para poetas de todas las generaciones, gan\u00f3 el Premio Cervantes 2018, un galard\u00f3n que ha saltado costumbres al reconocer a una mujer escritora, la quinta en m\u00e1s de 40 a\u00f1os, y al no respetar la \u00abley no escrita\u00bb de alternancia de premiados entre Espa\u00f1a y Latinoam\u00e9rica. El ministro de Cultura y Deporte de Espa\u00f1a, Jos\u00e9 Guirao, anunci\u00f3 el fallo del jurado del Premio Cervantes, el m\u00e1ximo galard\u00f3n de las letras en castellano y dotado con 125.000 euros (141.200 d\u00f3lares), que reconoce la trayectoria po\u00e9tica e intelectual de \u00abprimer orden\u00bb de Ida Vitale (Montevideo, 1923).<\/p>\n<p>La acad\u00e9mica Carme Riera presidi\u00f3 el jurado que ha decidido conceder por unanimidad el premio a Vitale \u00abpor su lenguaje, uno de los m\u00e1s destacados y reconocidos de la poes\u00eda hodierna en espa\u00f1ol, que es al mismo tiempo intelectual y popular, universal y personal, transparente y honda. Convertida desde hace un tiempo en un referente fundamental para poetas de todas las generaciones y en todos los rincones del espa\u00f1ol\u00bb. El Cervantes tiene adem\u00e1s este a\u00f1o una especial relevancia para el mundo de las letras ya que no ha habido Premio Nobel de Literatura despu\u00e9s de que la Academia sueca haya aplazado hasta 2019 su concesi\u00f3n.<\/p>\n<p>&nbsp;<\/p>\n<p>EFE<\/p>\n","protected":false},"excerpt":{"rendered":"<p>La uruguaya Ida Vitale, referente para poetas de todas las <a href=\"https:\/\/sertv.gob.pa\/crisolfm\/poeta-uruguaya-ida-vitale-gana-premio-cervantes\/\"> [&#8230;]<\/a><\/p>\n","protected":false},"author":64,"featured_media":14017,"comment_status":"closed","ping_status":"closed","sticky":false,"template":"","format":"standard","meta":{"footnotes":""},"categories":[6],"tags":[],"class_list":["post-14016","post","type-post","status-publish","format-standard","has-post-thumbnail","hentry","category-culturales"],"_links":{"self":[{"href":"https:\/\/sertv.gob.pa\/crisolfm\/wp-json\/wp\/v2\/posts\/14016","targetHints":{"allow":["GET"]}}],"collection":[{"href":"https:\/\/sertv.gob.pa\/crisolfm\/wp-json\/wp\/v2\/posts"}],"about":[{"href":"https:\/\/sertv.gob.pa\/crisolfm\/wp-json\/wp\/v2\/types\/post"}],"author":[{"embeddable":true,"href":"https:\/\/sertv.gob.pa\/crisolfm\/wp-json\/wp\/v2\/users\/64"}],"replies":[{"embeddable":true,"href":"https:\/\/sertv.gob.pa\/crisolfm\/wp-json\/wp\/v2\/comments?post=14016"}],"version-history":[{"count":1,"href":"https:\/\/sertv.gob.pa\/crisolfm\/wp-json\/wp\/v2\/posts\/14016\/revisions"}],"predecessor-version":[{"id":14018,"href":"https:\/\/sertv.gob.pa\/crisolfm\/wp-json\/wp\/v2\/posts\/14016\/revisions\/14018"}],"wp:featuredmedia":[{"embeddable":true,"href":"https:\/\/sertv.gob.pa\/crisolfm\/wp-json\/wp\/v2\/media\/14017"}],"wp:attachment":[{"href":"https:\/\/sertv.gob.pa\/crisolfm\/wp-json\/wp\/v2\/media?parent=14016"}],"wp:term":[{"taxonomy":"category","embeddable":true,"href":"https:\/\/sertv.gob.pa\/crisolfm\/wp-json\/wp\/v2\/categories?post=14016"},{"taxonomy":"post_tag","embeddable":true,"href":"https:\/\/sertv.gob.pa\/crisolfm\/wp-json\/wp\/v2\/tags?post=14016"}],"curies":[{"name":"wp","href":"https:\/\/api.w.org\/{rel}","templated":true}]}}