{"id":14049,"date":"2018-11-16T14:56:13","date_gmt":"2018-11-16T14:56:13","guid":{"rendered":"https:\/\/sertv.gob.pa\/crisolfm\/?p=14049"},"modified":"2018-11-16T14:56:13","modified_gmt":"2018-11-16T14:56:13","slug":"valerie-falcon-es-la-elegida-para-reinar-en-el-carnaval-capitalino-2019","status":"publish","type":"post","link":"https:\/\/sertv.gob.pa\/crisolfm\/valerie-falcon-es-la-elegida-para-reinar-en-el-carnaval-capitalino-2019\/","title":{"rendered":"Valerie Falc\u00f3n es la elegida para reinar en el carnaval capitalino 2019"},"content":{"rendered":"<p>Valerie Falc\u00f3n, representante de Cocl\u00e9, fue elegida como la reina del Carnaval de Panam\u00e1: un pa\u00eds en fiesta 2019, durante la final que se realiz\u00f3 en el Centro de Convenciones Atlapa la noche de este jueves 15 de noviembre. Falc\u00f3n estar\u00e1 acompa\u00f1ada de sus 2 princesas: Fianeth Corro (Contadora) y Andrea Guevara (comarcas). En total, fueron 14 las aspirantes a la corona del Carnaval capitalino.<\/p>\n<p>La Compa\u00f1\u00eda de Danza Folcl\u00f3rica de Panam\u00e1, bajo la direcci\u00f3n de Jos\u00e9 Alberto Sosa, fue la encargada de la coreograf\u00eda que se hizo presente en alusi\u00f3n a los 500 a\u00f1os de la ciudad de Panam\u00e1. Entre los invitados a la gala estaban la Se\u00f1orita Panam\u00e1 para Miss Universo 2018, Rosa Iveth Montezuma, y la reina del Carnaval 2018, Yanidia Maure. Por su parte, el administrador de la Autoridad de Turismo de Panam\u00e1, Gustavo Him, ha dicho que con los atractivos que la Comisi\u00f3n del Carnaval Capitalino prepara para el 2019, est\u00e1n confiados en que esta festividad superar\u00e1 las cifras de visitantes de a\u00f1os anteriores.<\/p>\n","protected":false},"excerpt":{"rendered":"<p>Valerie Falc\u00f3n, representante de Cocl\u00e9, fue elegida como la reina <a href=\"https:\/\/sertv.gob.pa\/crisolfm\/valerie-falcon-es-la-elegida-para-reinar-en-el-carnaval-capitalino-2019\/\"> [&#8230;]<\/a><\/p>\n","protected":false},"author":64,"featured_media":14050,"comment_status":"closed","ping_status":"closed","sticky":false,"template":"","format":"standard","meta":{"footnotes":""},"categories":[6],"tags":[],"class_list":["post-14049","post","type-post","status-publish","format-standard","has-post-thumbnail","hentry","category-culturales"],"_links":{"self":[{"href":"https:\/\/sertv.gob.pa\/crisolfm\/wp-json\/wp\/v2\/posts\/14049","targetHints":{"allow":["GET"]}}],"collection":[{"href":"https:\/\/sertv.gob.pa\/crisolfm\/wp-json\/wp\/v2\/posts"}],"about":[{"href":"https:\/\/sertv.gob.pa\/crisolfm\/wp-json\/wp\/v2\/types\/post"}],"author":[{"embeddable":true,"href":"https:\/\/sertv.gob.pa\/crisolfm\/wp-json\/wp\/v2\/users\/64"}],"replies":[{"embeddable":true,"href":"https:\/\/sertv.gob.pa\/crisolfm\/wp-json\/wp\/v2\/comments?post=14049"}],"version-history":[{"count":1,"href":"https:\/\/sertv.gob.pa\/crisolfm\/wp-json\/wp\/v2\/posts\/14049\/revisions"}],"predecessor-version":[{"id":14051,"href":"https:\/\/sertv.gob.pa\/crisolfm\/wp-json\/wp\/v2\/posts\/14049\/revisions\/14051"}],"wp:featuredmedia":[{"embeddable":true,"href":"https:\/\/sertv.gob.pa\/crisolfm\/wp-json\/wp\/v2\/media\/14050"}],"wp:attachment":[{"href":"https:\/\/sertv.gob.pa\/crisolfm\/wp-json\/wp\/v2\/media?parent=14049"}],"wp:term":[{"taxonomy":"category","embeddable":true,"href":"https:\/\/sertv.gob.pa\/crisolfm\/wp-json\/wp\/v2\/categories?post=14049"},{"taxonomy":"post_tag","embeddable":true,"href":"https:\/\/sertv.gob.pa\/crisolfm\/wp-json\/wp\/v2\/tags?post=14049"}],"curies":[{"name":"wp","href":"https:\/\/api.w.org\/{rel}","templated":true}]}}