{"id":14052,"date":"2018-11-16T18:04:28","date_gmt":"2018-11-16T18:04:28","guid":{"rendered":"https:\/\/sertv.gob.pa\/crisolfm\/?p=14052"},"modified":"2018-11-16T18:04:28","modified_gmt":"2018-11-16T18:04:28","slug":"jorge-drexler-el-gran-triunfador-de-los-grammy-latinos","status":"publish","type":"post","link":"https:\/\/sertv.gob.pa\/crisolfm\/jorge-drexler-el-gran-triunfador-de-los-grammy-latinos\/","title":{"rendered":"Jorge Drexler, el gran triunfador de los Grammy Latinos"},"content":{"rendered":"<p>El compositor uruguayo Jorge Drexler se ha coronado como el gran triunfador de la 19 edici\u00f3n de los Grammy Latinos. Su canci\u00f3n, <em>Telefon\u00eda<\/em>, ha obtenido los m\u00e1ximos galardones: canci\u00f3n y grabaci\u00f3n del a\u00f1o. Y su disco, <em>Salvavidas de hielo<\/em>, ha ganado el premio al mejor \u00e1lbum de cantautor. Drexler ha sido el protagonista en una de las ediciones m\u00e1s inesperadas de los \u00faltimos a\u00f1os.<\/p>\n<p>Una ceremonia que ha dado un vuelco y que con Drexler ha sentado un precedente: lo latino no siempre es reguet\u00f3n. As\u00ed lo advert\u00eda el cantautor al recoger uno de los tres premios, que animaba a dejar de crear enemistad entre los g\u00e9neros: \u00ab\u00a1Que viva Borges, Pessoa. Pero tambi\u00e9n que viva la cumbia y el reguet\u00f3n!\u00bb.<\/p>\n<p>&nbsp;<\/p>\n<p>AP<\/p>\n","protected":false},"excerpt":{"rendered":"<p>El compositor uruguayo Jorge Drexler se ha coronado como el <a href=\"https:\/\/sertv.gob.pa\/crisolfm\/jorge-drexler-el-gran-triunfador-de-los-grammy-latinos\/\"> [&#8230;]<\/a><\/p>\n","protected":false},"author":64,"featured_media":14053,"comment_status":"closed","ping_status":"closed","sticky":false,"template":"","format":"standard","meta":{"footnotes":""},"categories":[6],"tags":[],"class_list":["post-14052","post","type-post","status-publish","format-standard","has-post-thumbnail","hentry","category-culturales"],"_links":{"self":[{"href":"https:\/\/sertv.gob.pa\/crisolfm\/wp-json\/wp\/v2\/posts\/14052","targetHints":{"allow":["GET"]}}],"collection":[{"href":"https:\/\/sertv.gob.pa\/crisolfm\/wp-json\/wp\/v2\/posts"}],"about":[{"href":"https:\/\/sertv.gob.pa\/crisolfm\/wp-json\/wp\/v2\/types\/post"}],"author":[{"embeddable":true,"href":"https:\/\/sertv.gob.pa\/crisolfm\/wp-json\/wp\/v2\/users\/64"}],"replies":[{"embeddable":true,"href":"https:\/\/sertv.gob.pa\/crisolfm\/wp-json\/wp\/v2\/comments?post=14052"}],"version-history":[{"count":1,"href":"https:\/\/sertv.gob.pa\/crisolfm\/wp-json\/wp\/v2\/posts\/14052\/revisions"}],"predecessor-version":[{"id":14054,"href":"https:\/\/sertv.gob.pa\/crisolfm\/wp-json\/wp\/v2\/posts\/14052\/revisions\/14054"}],"wp:featuredmedia":[{"embeddable":true,"href":"https:\/\/sertv.gob.pa\/crisolfm\/wp-json\/wp\/v2\/media\/14053"}],"wp:attachment":[{"href":"https:\/\/sertv.gob.pa\/crisolfm\/wp-json\/wp\/v2\/media?parent=14052"}],"wp:term":[{"taxonomy":"category","embeddable":true,"href":"https:\/\/sertv.gob.pa\/crisolfm\/wp-json\/wp\/v2\/categories?post=14052"},{"taxonomy":"post_tag","embeddable":true,"href":"https:\/\/sertv.gob.pa\/crisolfm\/wp-json\/wp\/v2\/tags?post=14052"}],"curies":[{"name":"wp","href":"https:\/\/api.w.org\/{rel}","templated":true}]}}