{"id":14055,"date":"2018-11-19T12:27:46","date_gmt":"2018-11-19T12:27:46","guid":{"rendered":"https:\/\/sertv.gob.pa\/crisolfm\/?p=14055"},"modified":"2018-11-19T12:27:46","modified_gmt":"2018-11-19T12:27:46","slug":"regresa-el-grafic-fest-a-la-universidad-de-panama","status":"publish","type":"post","link":"https:\/\/sertv.gob.pa\/crisolfm\/regresa-el-grafic-fest-a-la-universidad-de-panama\/","title":{"rendered":"Regresa el \u201cGrafic Fest\u201d a la Universidad de Panam\u00e1"},"content":{"rendered":"<p>Con el fin de conmemorar el D\u00eda del Dise\u00f1ador Gr\u00e1fico en Panam\u00e1 (18 de noviembre), estudiantes y profesores de la Facultad de Arquitectura y Dise\u00f1o de la Universidad de Panam\u00e1 efectuar\u00e1n, por tercer a\u00f1o consecutivo, la Semana del Dise\u00f1ador Gr\u00e1fico, denominada \u201cGrafic Fest 2018\u201d, empezando desde hoy lunes hasta el viernes 23 de noviembre. \u2018En esta actividad, en la que participan todos los estudiantes de la carrera de dise\u00f1o gr\u00e1fico, los j\u00f3venes exponen sus proyectos en stands (que han venido desarrollando desde el inicio de a\u00f1o) para luego someterlos a concurso&#8217;, dio a conocer el profesor y presidente de la organizaci\u00f3n, Fernando Drake.<\/p>\n<p>A\u00f1adi\u00f3 que igualmente habr\u00e1 concurso de logotipos, puesto que van a cambiar la imagen corporativa de la facultad. \u2018Se someti\u00f3 a concurso el cambio del logo y el stand que presente el mejor ganar\u00e1 los permisos para cambiarlo. Tambi\u00e9n, habr\u00e1 un ciclo de conferencias con temas relacionados al dise\u00f1o en general, habr\u00e1 expositores en dise\u00f1o industrial, dise\u00f1o gr\u00e1fico, en el \u00e1rea de fotograf\u00eda y de animaci\u00f3n 3D&#8217;, enumer\u00f3 el profesor organizador. A este ciclo de conferencias, que ser\u00e1n solo tres d\u00edas (hoy, el mi\u00e9rcoles y el jueves) pueden participar estudiantes de todos los niveles y de todas las carreras que se dictan en la facultad, indic\u00f3 Drake.<\/p>\n<p>&nbsp;<\/p>\n","protected":false},"excerpt":{"rendered":"<p>Con el fin de conmemorar el D\u00eda del Dise\u00f1ador Gr\u00e1fico <a href=\"https:\/\/sertv.gob.pa\/crisolfm\/regresa-el-grafic-fest-a-la-universidad-de-panama\/\"> [&#8230;]<\/a><\/p>\n","protected":false},"author":64,"featured_media":14056,"comment_status":"closed","ping_status":"closed","sticky":false,"template":"","format":"standard","meta":{"footnotes":""},"categories":[6],"tags":[],"class_list":["post-14055","post","type-post","status-publish","format-standard","has-post-thumbnail","hentry","category-culturales"],"_links":{"self":[{"href":"https:\/\/sertv.gob.pa\/crisolfm\/wp-json\/wp\/v2\/posts\/14055","targetHints":{"allow":["GET"]}}],"collection":[{"href":"https:\/\/sertv.gob.pa\/crisolfm\/wp-json\/wp\/v2\/posts"}],"about":[{"href":"https:\/\/sertv.gob.pa\/crisolfm\/wp-json\/wp\/v2\/types\/post"}],"author":[{"embeddable":true,"href":"https:\/\/sertv.gob.pa\/crisolfm\/wp-json\/wp\/v2\/users\/64"}],"replies":[{"embeddable":true,"href":"https:\/\/sertv.gob.pa\/crisolfm\/wp-json\/wp\/v2\/comments?post=14055"}],"version-history":[{"count":1,"href":"https:\/\/sertv.gob.pa\/crisolfm\/wp-json\/wp\/v2\/posts\/14055\/revisions"}],"predecessor-version":[{"id":14057,"href":"https:\/\/sertv.gob.pa\/crisolfm\/wp-json\/wp\/v2\/posts\/14055\/revisions\/14057"}],"wp:featuredmedia":[{"embeddable":true,"href":"https:\/\/sertv.gob.pa\/crisolfm\/wp-json\/wp\/v2\/media\/14056"}],"wp:attachment":[{"href":"https:\/\/sertv.gob.pa\/crisolfm\/wp-json\/wp\/v2\/media?parent=14055"}],"wp:term":[{"taxonomy":"category","embeddable":true,"href":"https:\/\/sertv.gob.pa\/crisolfm\/wp-json\/wp\/v2\/categories?post=14055"},{"taxonomy":"post_tag","embeddable":true,"href":"https:\/\/sertv.gob.pa\/crisolfm\/wp-json\/wp\/v2\/tags?post=14055"}],"curies":[{"name":"wp","href":"https:\/\/api.w.org\/{rel}","templated":true}]}}