{"id":14061,"date":"2018-11-19T12:40:32","date_gmt":"2018-11-19T12:40:32","guid":{"rendered":"https:\/\/sertv.gob.pa\/crisolfm\/?p=14061"},"modified":"2018-11-19T12:40:32","modified_gmt":"2018-11-19T12:40:32","slug":"picasso-robado-en-roterdam-hallado-posiblemente-en-rumania","status":"publish","type":"post","link":"https:\/\/sertv.gob.pa\/crisolfm\/picasso-robado-en-roterdam-hallado-posiblemente-en-rumania\/","title":{"rendered":"Picasso robado en R\u00f3terdam hallado posiblemente en Ruman\u00eda"},"content":{"rendered":"<p>La \u00abCabeza de Arlequ\u00edn\u00bb, una obra de Picasso robada junto a otros seis cuadros hace seis a\u00f1os de un museo de Holanda durante un espectacular atraco, podr\u00eda haber sido hallada en Ruman\u00eda, inform\u00f3 el fiscal de Bucarest este domingo. Siete obras maestras de Picasso, Monet, Gauguin y Lucien Freud fueron robadas del Museo Kunsthal de R\u00f3terdam en 2012, en un atraco que dur\u00f3 tan solo tres minutos y que los medios holandeses calificaron como \u00abel robo del siglo\u00bb.<\/p>\n<p>El fiscal Augustin Lazar confirm\u00f3 a AFP que las autoridades rumanas ten\u00edan en su poder un cuadro que \u00abpodr\u00eda ser\u00bb uno de los robados del Museo Kunsthal, y agreg\u00f3 que debe ser examinado m\u00e1s a fondo. Los expertos est\u00e1n ahora comprobando si el lienzo es la \u00abCabeza de Arlequ\u00edn\u00bb de Picasso, dijo una fuente a la AFP.<\/p>\n<p>AFP<\/p>\n","protected":false},"excerpt":{"rendered":"<p>La \u00abCabeza de Arlequ\u00edn\u00bb, una obra de Picasso robada junto <a href=\"https:\/\/sertv.gob.pa\/crisolfm\/picasso-robado-en-roterdam-hallado-posiblemente-en-rumania\/\"> [&#8230;]<\/a><\/p>\n","protected":false},"author":64,"featured_media":14062,"comment_status":"closed","ping_status":"closed","sticky":false,"template":"","format":"standard","meta":{"footnotes":""},"categories":[6],"tags":[],"class_list":["post-14061","post","type-post","status-publish","format-standard","has-post-thumbnail","hentry","category-culturales"],"_links":{"self":[{"href":"https:\/\/sertv.gob.pa\/crisolfm\/wp-json\/wp\/v2\/posts\/14061","targetHints":{"allow":["GET"]}}],"collection":[{"href":"https:\/\/sertv.gob.pa\/crisolfm\/wp-json\/wp\/v2\/posts"}],"about":[{"href":"https:\/\/sertv.gob.pa\/crisolfm\/wp-json\/wp\/v2\/types\/post"}],"author":[{"embeddable":true,"href":"https:\/\/sertv.gob.pa\/crisolfm\/wp-json\/wp\/v2\/users\/64"}],"replies":[{"embeddable":true,"href":"https:\/\/sertv.gob.pa\/crisolfm\/wp-json\/wp\/v2\/comments?post=14061"}],"version-history":[{"count":1,"href":"https:\/\/sertv.gob.pa\/crisolfm\/wp-json\/wp\/v2\/posts\/14061\/revisions"}],"predecessor-version":[{"id":14063,"href":"https:\/\/sertv.gob.pa\/crisolfm\/wp-json\/wp\/v2\/posts\/14061\/revisions\/14063"}],"wp:featuredmedia":[{"embeddable":true,"href":"https:\/\/sertv.gob.pa\/crisolfm\/wp-json\/wp\/v2\/media\/14062"}],"wp:attachment":[{"href":"https:\/\/sertv.gob.pa\/crisolfm\/wp-json\/wp\/v2\/media?parent=14061"}],"wp:term":[{"taxonomy":"category","embeddable":true,"href":"https:\/\/sertv.gob.pa\/crisolfm\/wp-json\/wp\/v2\/categories?post=14061"},{"taxonomy":"post_tag","embeddable":true,"href":"https:\/\/sertv.gob.pa\/crisolfm\/wp-json\/wp\/v2\/tags?post=14061"}],"curies":[{"name":"wp","href":"https:\/\/api.w.org\/{rel}","templated":true}]}}