{"id":14102,"date":"2018-11-20T13:13:13","date_gmt":"2018-11-20T13:13:13","guid":{"rendered":"https:\/\/sertv.gob.pa\/crisolfm\/?p=14102"},"modified":"2018-11-20T13:13:13","modified_gmt":"2018-11-20T13:13:13","slug":"hoy-se-proyecta-el-documental-suenan-las-campanas","status":"publish","type":"post","link":"https:\/\/sertv.gob.pa\/crisolfm\/hoy-se-proyecta-el-documental-suenan-las-campanas\/","title":{"rendered":"Hoy se proyecta el documental \u201cSuenan las Campanas\u201d"},"content":{"rendered":"<p>Una voz que pertenece a todos, pero pocos conocen su valor. Esa que anuncia luto, alegr\u00eda&#8230; llama a la rebeld\u00eda y a la vez, a la uni\u00f3n. Es la voz de las campanas que \u2018m\u00e1s all\u00e1 del entorno religioso, son un medio de comunicaci\u00f3n de alto alcance&#8217;, afirma Luz Boyd, directora de \u2018Suenan las Campanas&#8217;.<\/p>\n<p>El documental, que se proyecta hoy 20 de noviembre como parte del proyecto \u2018Documental Panam\u00e1&#8217; de TVN Media y Fundaci\u00f3n Motta, narra la tradici\u00f3n del repique de las campanas en La Villa de Los Santos, regi\u00f3n centinela de costumbres culturales paname\u00f1as.<\/p>\n<p>&nbsp;<\/p>\n","protected":false},"excerpt":{"rendered":"<p>Una voz que pertenece a todos, pero pocos conocen su <a href=\"https:\/\/sertv.gob.pa\/crisolfm\/hoy-se-proyecta-el-documental-suenan-las-campanas\/\"> [&#8230;]<\/a><\/p>\n","protected":false},"author":64,"featured_media":14103,"comment_status":"closed","ping_status":"closed","sticky":false,"template":"","format":"standard","meta":{"footnotes":""},"categories":[6],"tags":[],"class_list":["post-14102","post","type-post","status-publish","format-standard","has-post-thumbnail","hentry","category-culturales"],"_links":{"self":[{"href":"https:\/\/sertv.gob.pa\/crisolfm\/wp-json\/wp\/v2\/posts\/14102","targetHints":{"allow":["GET"]}}],"collection":[{"href":"https:\/\/sertv.gob.pa\/crisolfm\/wp-json\/wp\/v2\/posts"}],"about":[{"href":"https:\/\/sertv.gob.pa\/crisolfm\/wp-json\/wp\/v2\/types\/post"}],"author":[{"embeddable":true,"href":"https:\/\/sertv.gob.pa\/crisolfm\/wp-json\/wp\/v2\/users\/64"}],"replies":[{"embeddable":true,"href":"https:\/\/sertv.gob.pa\/crisolfm\/wp-json\/wp\/v2\/comments?post=14102"}],"version-history":[{"count":1,"href":"https:\/\/sertv.gob.pa\/crisolfm\/wp-json\/wp\/v2\/posts\/14102\/revisions"}],"predecessor-version":[{"id":14104,"href":"https:\/\/sertv.gob.pa\/crisolfm\/wp-json\/wp\/v2\/posts\/14102\/revisions\/14104"}],"wp:featuredmedia":[{"embeddable":true,"href":"https:\/\/sertv.gob.pa\/crisolfm\/wp-json\/wp\/v2\/media\/14103"}],"wp:attachment":[{"href":"https:\/\/sertv.gob.pa\/crisolfm\/wp-json\/wp\/v2\/media?parent=14102"}],"wp:term":[{"taxonomy":"category","embeddable":true,"href":"https:\/\/sertv.gob.pa\/crisolfm\/wp-json\/wp\/v2\/categories?post=14102"},{"taxonomy":"post_tag","embeddable":true,"href":"https:\/\/sertv.gob.pa\/crisolfm\/wp-json\/wp\/v2\/tags?post=14102"}],"curies":[{"name":"wp","href":"https:\/\/api.w.org\/{rel}","templated":true}]}}