{"id":14111,"date":"2018-11-20T13:44:06","date_gmt":"2018-11-20T13:44:06","guid":{"rendered":"https:\/\/sertv.gob.pa\/crisolfm\/?p=14111"},"modified":"2018-11-20T13:44:06","modified_gmt":"2018-11-20T13:44:06","slug":"jovenes-panamenos-se-destacan-en-el-ajedrez","status":"publish","type":"post","link":"https:\/\/sertv.gob.pa\/crisolfm\/jovenes-panamenos-se-destacan-en-el-ajedrez\/","title":{"rendered":"J\u00f3venes paname\u00f1os se destacan en el ajedrez"},"content":{"rendered":"<p>El Segundo Festival de Ajedrez se realiz\u00f3 en un Centro Comercial con la participaci\u00f3n de destacados ajedrecistas nacionales, estudiantes de colegios oficiales y particulares del pa\u00eds. La actividad, fue organizada por SENACYT y el Ministerio de Educaci\u00f3n, con el prop\u00f3sito de promover en los alumnos el desarrollo de habilidades cognitivas, l\u00f3gico- matem\u00e1tica y de an\u00e1lisis a trav\u00e9s del juego.<\/p>\n<p>Zona de Entretenimiento del Pe\u00f3n, Zona de Construcci\u00f3n del Alfil, Zona de Expertos de la Dama, Zona de Retos del Rey, Zona de Juegos del Caballo, Zona de Divulgaci\u00f3n de la Torre y la Zona de la Ciencia Jaque Mate, cada una vinculada con un \u00e1rea tem\u00e1tica del conocimiento, fueron algunas de las actividades que hicieron durante la velada. La coordinadora, Gloria Garc\u00eda, manifest\u00f3 que la implementaci\u00f3n de herramientas pedag\u00f3gicas y t\u00e9cnicas de ense\u00f1anza les ofrecer\u00e1n a los estudiantes alternativas en el desarrollo de habilidades cognitivas, sociales y personales en su formaci\u00f3n y para la vida diaria.<\/p>\n<p>&nbsp;<\/p>\n","protected":false},"excerpt":{"rendered":"<p>El Segundo Festival de Ajedrez se realiz\u00f3 en un Centro <a href=\"https:\/\/sertv.gob.pa\/crisolfm\/jovenes-panamenos-se-destacan-en-el-ajedrez\/\"> [&#8230;]<\/a><\/p>\n","protected":false},"author":64,"featured_media":14112,"comment_status":"closed","ping_status":"closed","sticky":false,"template":"","format":"standard","meta":{"footnotes":""},"categories":[6],"tags":[],"class_list":["post-14111","post","type-post","status-publish","format-standard","has-post-thumbnail","hentry","category-culturales"],"_links":{"self":[{"href":"https:\/\/sertv.gob.pa\/crisolfm\/wp-json\/wp\/v2\/posts\/14111","targetHints":{"allow":["GET"]}}],"collection":[{"href":"https:\/\/sertv.gob.pa\/crisolfm\/wp-json\/wp\/v2\/posts"}],"about":[{"href":"https:\/\/sertv.gob.pa\/crisolfm\/wp-json\/wp\/v2\/types\/post"}],"author":[{"embeddable":true,"href":"https:\/\/sertv.gob.pa\/crisolfm\/wp-json\/wp\/v2\/users\/64"}],"replies":[{"embeddable":true,"href":"https:\/\/sertv.gob.pa\/crisolfm\/wp-json\/wp\/v2\/comments?post=14111"}],"version-history":[{"count":1,"href":"https:\/\/sertv.gob.pa\/crisolfm\/wp-json\/wp\/v2\/posts\/14111\/revisions"}],"predecessor-version":[{"id":14113,"href":"https:\/\/sertv.gob.pa\/crisolfm\/wp-json\/wp\/v2\/posts\/14111\/revisions\/14113"}],"wp:featuredmedia":[{"embeddable":true,"href":"https:\/\/sertv.gob.pa\/crisolfm\/wp-json\/wp\/v2\/media\/14112"}],"wp:attachment":[{"href":"https:\/\/sertv.gob.pa\/crisolfm\/wp-json\/wp\/v2\/media?parent=14111"}],"wp:term":[{"taxonomy":"category","embeddable":true,"href":"https:\/\/sertv.gob.pa\/crisolfm\/wp-json\/wp\/v2\/categories?post=14111"},{"taxonomy":"post_tag","embeddable":true,"href":"https:\/\/sertv.gob.pa\/crisolfm\/wp-json\/wp\/v2\/tags?post=14111"}],"curies":[{"name":"wp","href":"https:\/\/api.w.org\/{rel}","templated":true}]}}