{"id":14120,"date":"2018-11-20T14:50:52","date_gmt":"2018-11-20T14:50:52","guid":{"rendered":"https:\/\/sertv.gob.pa\/crisolfm\/?p=14120"},"modified":"2018-11-20T14:50:52","modified_gmt":"2018-11-20T14:50:52","slug":"5-expertos-externos-completaran-comite-para-los-proximos-nobel-de-literatura","status":"publish","type":"post","link":"https:\/\/sertv.gob.pa\/crisolfm\/5-expertos-externos-completaran-comite-para-los-proximos-nobel-de-literatura\/","title":{"rendered":"5 expertos externos completar\u00e1n comit\u00e9 para los pr\u00f3ximos Nobel de Literatura"},"content":{"rendered":"<p>Cinco expertos externos completar\u00e1n el comit\u00e9 que elegir\u00e1 a los ganadores del <strong>Nobel de Literatura<\/strong> los pr\u00f3ximos dos a\u00f1os, anunci\u00f3 hoy la Academia Sueca, que vive una crisis hist\u00f3rica por un esc\u00e1ndalo sexual y de filtraciones. El nuevo Comit\u00e9 Nobel incluir\u00e1, adem\u00e1s de a los acad\u00e9micos Per W\u00e4stberg, Horace Engdahl, Kristina Lugn, Anders Olsson y Jesper Svenbro, a los escritores Kristoffer Leandoer y Gun-Britt Sundstr\u00f6m y a tres cr\u00edticos literarios: Mikaela Blomqvist, Henrik Petersen y Rebecka Ahlberg K\u00e4rde.<\/p>\n<p>La medida ha sido tomada de forma consensuada con la <strong>Fundaci\u00f3n Nobel<\/strong>, que hab\u00eda sugerido ya hace unos meses la creaci\u00f3n de un nuevo comit\u00e9 para el Nobel de Literatura, un premio que este a\u00f1o ha sido aplazado a 2019 por el esc\u00e1ndalo que ha sacudido a la instituci\u00f3n.<\/p>\n<p>EFE<\/p>\n","protected":false},"excerpt":{"rendered":"<p>Cinco expertos externos completar\u00e1n el comit\u00e9 que elegir\u00e1 a los <a href=\"https:\/\/sertv.gob.pa\/crisolfm\/5-expertos-externos-completaran-comite-para-los-proximos-nobel-de-literatura\/\"> [&#8230;]<\/a><\/p>\n","protected":false},"author":64,"featured_media":14121,"comment_status":"closed","ping_status":"closed","sticky":false,"template":"","format":"standard","meta":{"footnotes":""},"categories":[6],"tags":[],"class_list":["post-14120","post","type-post","status-publish","format-standard","has-post-thumbnail","hentry","category-culturales"],"_links":{"self":[{"href":"https:\/\/sertv.gob.pa\/crisolfm\/wp-json\/wp\/v2\/posts\/14120","targetHints":{"allow":["GET"]}}],"collection":[{"href":"https:\/\/sertv.gob.pa\/crisolfm\/wp-json\/wp\/v2\/posts"}],"about":[{"href":"https:\/\/sertv.gob.pa\/crisolfm\/wp-json\/wp\/v2\/types\/post"}],"author":[{"embeddable":true,"href":"https:\/\/sertv.gob.pa\/crisolfm\/wp-json\/wp\/v2\/users\/64"}],"replies":[{"embeddable":true,"href":"https:\/\/sertv.gob.pa\/crisolfm\/wp-json\/wp\/v2\/comments?post=14120"}],"version-history":[{"count":1,"href":"https:\/\/sertv.gob.pa\/crisolfm\/wp-json\/wp\/v2\/posts\/14120\/revisions"}],"predecessor-version":[{"id":14122,"href":"https:\/\/sertv.gob.pa\/crisolfm\/wp-json\/wp\/v2\/posts\/14120\/revisions\/14122"}],"wp:featuredmedia":[{"embeddable":true,"href":"https:\/\/sertv.gob.pa\/crisolfm\/wp-json\/wp\/v2\/media\/14121"}],"wp:attachment":[{"href":"https:\/\/sertv.gob.pa\/crisolfm\/wp-json\/wp\/v2\/media?parent=14120"}],"wp:term":[{"taxonomy":"category","embeddable":true,"href":"https:\/\/sertv.gob.pa\/crisolfm\/wp-json\/wp\/v2\/categories?post=14120"},{"taxonomy":"post_tag","embeddable":true,"href":"https:\/\/sertv.gob.pa\/crisolfm\/wp-json\/wp\/v2\/tags?post=14120"}],"curies":[{"name":"wp","href":"https:\/\/api.w.org\/{rel}","templated":true}]}}