{"id":14144,"date":"2018-11-21T12:50:09","date_gmt":"2018-11-21T12:50:09","guid":{"rendered":"https:\/\/sertv.gob.pa\/crisolfm\/?p=14144"},"modified":"2018-11-21T12:50:09","modified_gmt":"2018-11-21T12:50:09","slug":"expo-manualidades-celebra-sus-25-anos","status":"publish","type":"post","link":"https:\/\/sertv.gob.pa\/crisolfm\/expo-manualidades-celebra-sus-25-anos\/","title":{"rendered":"Expo-Manualidades celebra sus 25 a\u00f1os"},"content":{"rendered":"<p>La Feria Nacional e Internacional de Manualidades y Artesan\u00edas \u201cExpo-Manualidades\u201d celebrar\u00e1 sus 25 a\u00f1os de presencia en Panam\u00e1 y, como todos los a\u00f1os, el Centro de Convenciones Atlapa vuelve a ser el escenario para celebrar este evento, los d\u00edas 30 de noviembre, 1 y 2 de diciembre de 2018, de 12.00 mediod\u00eda a 8:00 de la noche. Ileana Wong, directora y organizadora de la feria, manifest\u00f3 que la actividad brinda la oportunidad al artesano paname\u00f1o de promover y vender sus productos exaltando el arte manual en todas sus facetas y que con su trabajo lleven un sustento a sus hogares.<\/p>\n<p>Wong a\u00f1adi\u00f3 que este a\u00f1o la feria contar\u00e1 con unos 200 expositores, entre ellos artesanos paname\u00f1os, profesores, amas de casa, editoriales y manualistas. Adem\u00e1s, contar\u00e1 con la participaci\u00f3n de artesanos de M\u00e9xico, Guatemala, El Salvador, Costa Rica, Per\u00fa, Venezuela, Colombia, Argentina y Cuba, quienes ofrecer\u00e1n a los visitantes (adultos y ni\u00f1os) talleres y demostraciones de sus obras. Tambi\u00e9n, habr\u00e1 espect\u00e1culos y danzas folkl\u00f3ricas paname\u00f1as que brindar\u00e1n diversi\u00f3n y entretenimiento de car\u00e1cter familiar. Parte de lo recaudado de esta actividad ser\u00e1 a beneficio de las fundaciones que se esfuerzan por apoyar a la comunidad con discapacidad y de extrema pobreza.<\/p>\n<p>&nbsp;<\/p>\n","protected":false},"excerpt":{"rendered":"<p>La Feria Nacional e Internacional de Manualidades y Artesan\u00edas \u201cExpo-Manualidades\u201d <a href=\"https:\/\/sertv.gob.pa\/crisolfm\/expo-manualidades-celebra-sus-25-anos\/\"> [&#8230;]<\/a><\/p>\n","protected":false},"author":64,"featured_media":14146,"comment_status":"closed","ping_status":"closed","sticky":false,"template":"","format":"standard","meta":{"footnotes":""},"categories":[6],"tags":[],"class_list":["post-14144","post","type-post","status-publish","format-standard","has-post-thumbnail","hentry","category-culturales"],"_links":{"self":[{"href":"https:\/\/sertv.gob.pa\/crisolfm\/wp-json\/wp\/v2\/posts\/14144","targetHints":{"allow":["GET"]}}],"collection":[{"href":"https:\/\/sertv.gob.pa\/crisolfm\/wp-json\/wp\/v2\/posts"}],"about":[{"href":"https:\/\/sertv.gob.pa\/crisolfm\/wp-json\/wp\/v2\/types\/post"}],"author":[{"embeddable":true,"href":"https:\/\/sertv.gob.pa\/crisolfm\/wp-json\/wp\/v2\/users\/64"}],"replies":[{"embeddable":true,"href":"https:\/\/sertv.gob.pa\/crisolfm\/wp-json\/wp\/v2\/comments?post=14144"}],"version-history":[{"count":1,"href":"https:\/\/sertv.gob.pa\/crisolfm\/wp-json\/wp\/v2\/posts\/14144\/revisions"}],"predecessor-version":[{"id":14147,"href":"https:\/\/sertv.gob.pa\/crisolfm\/wp-json\/wp\/v2\/posts\/14144\/revisions\/14147"}],"wp:featuredmedia":[{"embeddable":true,"href":"https:\/\/sertv.gob.pa\/crisolfm\/wp-json\/wp\/v2\/media\/14146"}],"wp:attachment":[{"href":"https:\/\/sertv.gob.pa\/crisolfm\/wp-json\/wp\/v2\/media?parent=14144"}],"wp:term":[{"taxonomy":"category","embeddable":true,"href":"https:\/\/sertv.gob.pa\/crisolfm\/wp-json\/wp\/v2\/categories?post=14144"},{"taxonomy":"post_tag","embeddable":true,"href":"https:\/\/sertv.gob.pa\/crisolfm\/wp-json\/wp\/v2\/tags?post=14144"}],"curies":[{"name":"wp","href":"https:\/\/api.w.org\/{rel}","templated":true}]}}