{"id":14179,"date":"2018-11-21T17:37:31","date_gmt":"2018-11-21T17:37:31","guid":{"rendered":"https:\/\/sertv.gob.pa\/crisolfm\/?p=14179"},"modified":"2018-11-21T17:37:31","modified_gmt":"2018-11-21T17:37:31","slug":"desenterrada-en-jerusalen-pequena-pesa-del-periodo-biblico-del-primer-templo","status":"publish","type":"post","link":"https:\/\/sertv.gob.pa\/crisolfm\/desenterrada-en-jerusalen-pequena-pesa-del-periodo-biblico-del-primer-templo\/","title":{"rendered":"Desenterrada en Jerusal\u00e9n peque\u00f1a pesa del per\u00edodo b\u00edblico del Primer Templo"},"content":{"rendered":"<p>Una peque\u00f1a piedra de hace unos 3.000 a\u00f1os desenterrada en la base del Muro de las Lamentaciones, en la Ciudad Vieja de Jerusal\u00e9n.\u00a0 Esta fue presentada hoy y sus descubridores creen que puede haber sido utilizada en el propio Primer Templo b\u00edblico. Las piedrecitas como la presentada hoy, llamadas \u00abbekas\u00bb, se utilizaban como pesas para asegurarse del valor de las donaciones de los fieles, informaron los arque\u00f3logos en comunicado. Seg\u00fan la tradici\u00f3n jud\u00eda, el Primer Templo fue levantado por el rey Salom\u00f3n para albergar el Sancta Santorum y venerar la alianza y fue posteriormente destruido por los babilonios.<\/p>\n<p>\u00abLas &#8216;bekas&#8217; del Primer Templo son muy infrecuentes; y esta lo es m\u00e1s todav\u00eda porque su inscripci\u00f3n est\u00e1 escrita en forma de espejo. Las letras van de izquierda a derecha en lugar de derecha a izquierda\u00bb, inform\u00f3 el arque\u00f3logo Eli Shukron. Shukron dirigi\u00f3 excavaciones previas en el mismo lugar por iniciativa de la Autoridad de Antig\u00fcedades de Israel y esta es la segunda \u00abbeka\u00bb que encuentra. Asegur\u00f3 que lo extraordinario de la escritura especular de la pesa probablemente se deba a que el tallista lo fuera principalmente de sellos, que se tallaban al rev\u00e9s para que su impresi\u00f3n se leyera al derecho. Ambas pesas halladas en el lugar tienen inscripciones en hebreo antiguo y tambi\u00e9n tienen la palabra \u00abbeka\u00bb, lo cual aclara su prop\u00f3sito. Las piedras se encontraron mientras se tamizaba la tierra recogida en la zona llamada Arca de Robinson, en la base del Muro de las Lamentaciones, el \u00faltimo vestigio del muro externo que rode\u00f3 el patio del Segundo Templo, situado en Jerusal\u00e9n oriental, ocupada por Israel desde la Guerra de los Seis D\u00edas de 1967.<\/p>\n<p><strong>El Espectador<\/strong><\/p>\n<p>&nbsp;<\/p>\n","protected":false},"excerpt":{"rendered":"<p>Una peque\u00f1a piedra de hace unos 3.000 a\u00f1os desenterrada en <a href=\"https:\/\/sertv.gob.pa\/crisolfm\/desenterrada-en-jerusalen-pequena-pesa-del-periodo-biblico-del-primer-templo\/\"> [&#8230;]<\/a><\/p>\n","protected":false},"author":64,"featured_media":14180,"comment_status":"closed","ping_status":"closed","sticky":false,"template":"","format":"standard","meta":{"footnotes":""},"categories":[6],"tags":[],"class_list":["post-14179","post","type-post","status-publish","format-standard","has-post-thumbnail","hentry","category-culturales"],"_links":{"self":[{"href":"https:\/\/sertv.gob.pa\/crisolfm\/wp-json\/wp\/v2\/posts\/14179","targetHints":{"allow":["GET"]}}],"collection":[{"href":"https:\/\/sertv.gob.pa\/crisolfm\/wp-json\/wp\/v2\/posts"}],"about":[{"href":"https:\/\/sertv.gob.pa\/crisolfm\/wp-json\/wp\/v2\/types\/post"}],"author":[{"embeddable":true,"href":"https:\/\/sertv.gob.pa\/crisolfm\/wp-json\/wp\/v2\/users\/64"}],"replies":[{"embeddable":true,"href":"https:\/\/sertv.gob.pa\/crisolfm\/wp-json\/wp\/v2\/comments?post=14179"}],"version-history":[{"count":1,"href":"https:\/\/sertv.gob.pa\/crisolfm\/wp-json\/wp\/v2\/posts\/14179\/revisions"}],"predecessor-version":[{"id":14181,"href":"https:\/\/sertv.gob.pa\/crisolfm\/wp-json\/wp\/v2\/posts\/14179\/revisions\/14181"}],"wp:featuredmedia":[{"embeddable":true,"href":"https:\/\/sertv.gob.pa\/crisolfm\/wp-json\/wp\/v2\/media\/14180"}],"wp:attachment":[{"href":"https:\/\/sertv.gob.pa\/crisolfm\/wp-json\/wp\/v2\/media?parent=14179"}],"wp:term":[{"taxonomy":"category","embeddable":true,"href":"https:\/\/sertv.gob.pa\/crisolfm\/wp-json\/wp\/v2\/categories?post=14179"},{"taxonomy":"post_tag","embeddable":true,"href":"https:\/\/sertv.gob.pa\/crisolfm\/wp-json\/wp\/v2\/tags?post=14179"}],"curies":[{"name":"wp","href":"https:\/\/api.w.org\/{rel}","templated":true}]}}