{"id":14188,"date":"2018-11-22T12:30:05","date_gmt":"2018-11-22T12:30:05","guid":{"rendered":"https:\/\/sertv.gob.pa\/crisolfm\/?p=14188"},"modified":"2018-11-22T12:30:05","modified_gmt":"2018-11-22T12:30:05","slug":"museo-de-ana-frank-es-renovado-para-contar-mejor-su-historia","status":"publish","type":"post","link":"https:\/\/sertv.gob.pa\/crisolfm\/museo-de-ana-frank-es-renovado-para-contar-mejor-su-historia\/","title":{"rendered":"Museo de Ana Frank es renovado para contar mejor su historia"},"content":{"rendered":"<p>El museo construido alrededor de un anexo secreto en una casa donde Ana Frank se escondi\u00f3 de los nazis durante la Segunda Guerra Mundial ha sido renovado para contar de una mejor forma la tr\u00e1gica historia de la diarista jud\u00eda a una nueva generaci\u00f3n de visitantes que podr\u00edan saber poco sobre los horrores del Holocausto.<\/p>\n<p>El objetivo de la renovaci\u00f3n es \u201cproporcionar m\u00e1s informaci\u00f3n sobre el contexto hist\u00f3rico y los antecedentes de la historia que estamos presentando, que es la historia de Ana Frank\u201d, dijo el mi\u00e9rcoles el director ejecutivo del museo, Ronald Leopold. Lo que permaneci\u00f3 exactamente igual fue la pieza central del museo: el austero anexo secreto donde Ana Frank escribi\u00f3 su famoso diario.<\/p>\n<p>AP<\/p>\n","protected":false},"excerpt":{"rendered":"<p>El museo construido alrededor de un anexo secreto en una <a href=\"https:\/\/sertv.gob.pa\/crisolfm\/museo-de-ana-frank-es-renovado-para-contar-mejor-su-historia\/\"> [&#8230;]<\/a><\/p>\n","protected":false},"author":64,"featured_media":14189,"comment_status":"closed","ping_status":"closed","sticky":false,"template":"","format":"standard","meta":{"footnotes":""},"categories":[6],"tags":[],"class_list":["post-14188","post","type-post","status-publish","format-standard","has-post-thumbnail","hentry","category-culturales"],"_links":{"self":[{"href":"https:\/\/sertv.gob.pa\/crisolfm\/wp-json\/wp\/v2\/posts\/14188","targetHints":{"allow":["GET"]}}],"collection":[{"href":"https:\/\/sertv.gob.pa\/crisolfm\/wp-json\/wp\/v2\/posts"}],"about":[{"href":"https:\/\/sertv.gob.pa\/crisolfm\/wp-json\/wp\/v2\/types\/post"}],"author":[{"embeddable":true,"href":"https:\/\/sertv.gob.pa\/crisolfm\/wp-json\/wp\/v2\/users\/64"}],"replies":[{"embeddable":true,"href":"https:\/\/sertv.gob.pa\/crisolfm\/wp-json\/wp\/v2\/comments?post=14188"}],"version-history":[{"count":1,"href":"https:\/\/sertv.gob.pa\/crisolfm\/wp-json\/wp\/v2\/posts\/14188\/revisions"}],"predecessor-version":[{"id":14190,"href":"https:\/\/sertv.gob.pa\/crisolfm\/wp-json\/wp\/v2\/posts\/14188\/revisions\/14190"}],"wp:featuredmedia":[{"embeddable":true,"href":"https:\/\/sertv.gob.pa\/crisolfm\/wp-json\/wp\/v2\/media\/14189"}],"wp:attachment":[{"href":"https:\/\/sertv.gob.pa\/crisolfm\/wp-json\/wp\/v2\/media?parent=14188"}],"wp:term":[{"taxonomy":"category","embeddable":true,"href":"https:\/\/sertv.gob.pa\/crisolfm\/wp-json\/wp\/v2\/categories?post=14188"},{"taxonomy":"post_tag","embeddable":true,"href":"https:\/\/sertv.gob.pa\/crisolfm\/wp-json\/wp\/v2\/tags?post=14188"}],"curies":[{"name":"wp","href":"https:\/\/api.w.org\/{rel}","templated":true}]}}