{"id":14202,"date":"2018-11-22T13:45:33","date_gmt":"2018-11-22T13:45:33","guid":{"rendered":"https:\/\/sertv.gob.pa\/crisolfm\/?p=14202"},"modified":"2018-11-22T13:45:33","modified_gmt":"2018-11-22T13:45:33","slug":"cultura-de-china-sera-promovida-en-sede-del-parlatino-en-panama","status":"publish","type":"post","link":"https:\/\/sertv.gob.pa\/crisolfm\/cultura-de-china-sera-promovida-en-sede-del-parlatino-en-panama\/","title":{"rendered":"Cultura de China ser\u00e1 promovida en sede del Parlatino en Panam\u00e1"},"content":{"rendered":"<p>Con el prop\u00f3sito de promover el intercambio cultural entre la Rep\u00fablica Popular China y los pa\u00edses de Am\u00e9rica Latina y el Caribe, fue inaugurado, en esta capital, el Sal\u00f3n Chino en la Sede Permanente del Parlamento Latinoamericano y Caribe\u00f1o (Parlatino). La iniciativa, producto de un acuerdo entre el Departamento de Publicidad del Comit\u00e9 Central del Partido Comunista de China y el Parlatino \u2014integrado por los parlamentos nacionales de 23 pa\u00edses de la regi\u00f3n\u2014, permitir\u00e1 la exhibici\u00f3n de publicaciones y materiales audiovisuales proporcionados por la Oficina china de Informaci\u00f3n del Consejo de Estado.<\/p>\n<p>El Sal\u00f3n Chino, con moderno dise\u00f1o y con equipos de tecnolog\u00eda de punta, se formaliza en la Sede Permanente del organismo parlamentario con la firma de una nota complementaria al acuerdo inicial por parte del diputado El\u00edas Castillo, presidente del Parlatino, y el viceministro del Departamento de Publicidad del Comit\u00e9 Central del Partido Comunista de China, Jiang Jianguo. En el Sal\u00f3n Chino los visitantes podr\u00e1n acceder a las publicaciones y materiales audiovisuales sobre la cultura milenaria de dicha naci\u00f3n.<\/p>\n<p>&nbsp;<\/p>\n","protected":false},"excerpt":{"rendered":"<p>Con el prop\u00f3sito de promover el intercambio cultural entre la <a href=\"https:\/\/sertv.gob.pa\/crisolfm\/cultura-de-china-sera-promovida-en-sede-del-parlatino-en-panama\/\"> [&#8230;]<\/a><\/p>\n","protected":false},"author":64,"featured_media":14203,"comment_status":"closed","ping_status":"closed","sticky":false,"template":"","format":"standard","meta":{"footnotes":""},"categories":[6],"tags":[],"class_list":["post-14202","post","type-post","status-publish","format-standard","has-post-thumbnail","hentry","category-culturales"],"_links":{"self":[{"href":"https:\/\/sertv.gob.pa\/crisolfm\/wp-json\/wp\/v2\/posts\/14202","targetHints":{"allow":["GET"]}}],"collection":[{"href":"https:\/\/sertv.gob.pa\/crisolfm\/wp-json\/wp\/v2\/posts"}],"about":[{"href":"https:\/\/sertv.gob.pa\/crisolfm\/wp-json\/wp\/v2\/types\/post"}],"author":[{"embeddable":true,"href":"https:\/\/sertv.gob.pa\/crisolfm\/wp-json\/wp\/v2\/users\/64"}],"replies":[{"embeddable":true,"href":"https:\/\/sertv.gob.pa\/crisolfm\/wp-json\/wp\/v2\/comments?post=14202"}],"version-history":[{"count":1,"href":"https:\/\/sertv.gob.pa\/crisolfm\/wp-json\/wp\/v2\/posts\/14202\/revisions"}],"predecessor-version":[{"id":14204,"href":"https:\/\/sertv.gob.pa\/crisolfm\/wp-json\/wp\/v2\/posts\/14202\/revisions\/14204"}],"wp:featuredmedia":[{"embeddable":true,"href":"https:\/\/sertv.gob.pa\/crisolfm\/wp-json\/wp\/v2\/media\/14203"}],"wp:attachment":[{"href":"https:\/\/sertv.gob.pa\/crisolfm\/wp-json\/wp\/v2\/media?parent=14202"}],"wp:term":[{"taxonomy":"category","embeddable":true,"href":"https:\/\/sertv.gob.pa\/crisolfm\/wp-json\/wp\/v2\/categories?post=14202"},{"taxonomy":"post_tag","embeddable":true,"href":"https:\/\/sertv.gob.pa\/crisolfm\/wp-json\/wp\/v2\/tags?post=14202"}],"curies":[{"name":"wp","href":"https:\/\/api.w.org\/{rel}","templated":true}]}}