{"id":14230,"date":"2018-11-23T12:52:15","date_gmt":"2018-11-23T12:52:15","guid":{"rendered":"https:\/\/sertv.gob.pa\/crisolfm\/?p=14230"},"modified":"2018-11-23T12:52:15","modified_gmt":"2018-11-23T12:52:15","slug":"banda-de-musica-de-bomberos-de-chepo-tocara-en-costa-rica","status":"publish","type":"post","link":"https:\/\/sertv.gob.pa\/crisolfm\/banda-de-musica-de-bomberos-de-chepo-tocara-en-costa-rica\/","title":{"rendered":"Banda de m\u00fasica de bomberos de Chepo tocar\u00e1 en Costa Rica"},"content":{"rendered":"<p>La reconocida Banda de M\u00fasica Juan Antonio Jacobs se presentar\u00e1 este s\u00e1bado en el Teatro Nacional de la capital San Jos\u00e9. \u00a0Enlazadas con ritmos como la tamborera, la cumbia, el tamborito y la influencia de ritmos afrocaribe\u00f1os \u2014desde soca y calipso hasta haitiano y guaguanc\u00f3\u2014 las piezas musicales deleitar\u00e1n al p\u00fablico costarricense, que se congregar\u00e1 en esta ocasi\u00f3n para celebrar el 60 aniversario de la banda de m\u00fasica de los bomberos de Costa Rica.<\/p>\n<p>Para este evento, los bomberos de Chepo seleccionaron a 49 de sus miembros de los 60 que conforman la agrupaci\u00f3n musical. La alineaci\u00f3n incluye seis trompetistas, doce clarineros, cinco saxofonistas y 26 percusionistas. Durante dos meses y medio, el grupo ensay\u00f3 con dedicaci\u00f3n y esmero las quince piezas musicales que ejecutar\u00e1n en el pa\u00eds vecino.Esta no es la primera exposici\u00f3n internacional de la banda de m\u00fasica de los Bomberos de Chepo, ya en a\u00f1os anteriores ha llevado las melod\u00edas paname\u00f1as \u2014en varias ocasiones\u2014 a escenarios en Ecuador, M\u00e9xico y Colombia, entre otros.<\/p>\n","protected":false},"excerpt":{"rendered":"<p>La reconocida Banda de M\u00fasica Juan Antonio Jacobs se presentar\u00e1 <a href=\"https:\/\/sertv.gob.pa\/crisolfm\/banda-de-musica-de-bomberos-de-chepo-tocara-en-costa-rica\/\"> [&#8230;]<\/a><\/p>\n","protected":false},"author":64,"featured_media":14231,"comment_status":"closed","ping_status":"closed","sticky":false,"template":"","format":"standard","meta":{"footnotes":""},"categories":[6],"tags":[],"class_list":["post-14230","post","type-post","status-publish","format-standard","has-post-thumbnail","hentry","category-culturales"],"_links":{"self":[{"href":"https:\/\/sertv.gob.pa\/crisolfm\/wp-json\/wp\/v2\/posts\/14230","targetHints":{"allow":["GET"]}}],"collection":[{"href":"https:\/\/sertv.gob.pa\/crisolfm\/wp-json\/wp\/v2\/posts"}],"about":[{"href":"https:\/\/sertv.gob.pa\/crisolfm\/wp-json\/wp\/v2\/types\/post"}],"author":[{"embeddable":true,"href":"https:\/\/sertv.gob.pa\/crisolfm\/wp-json\/wp\/v2\/users\/64"}],"replies":[{"embeddable":true,"href":"https:\/\/sertv.gob.pa\/crisolfm\/wp-json\/wp\/v2\/comments?post=14230"}],"version-history":[{"count":1,"href":"https:\/\/sertv.gob.pa\/crisolfm\/wp-json\/wp\/v2\/posts\/14230\/revisions"}],"predecessor-version":[{"id":14232,"href":"https:\/\/sertv.gob.pa\/crisolfm\/wp-json\/wp\/v2\/posts\/14230\/revisions\/14232"}],"wp:featuredmedia":[{"embeddable":true,"href":"https:\/\/sertv.gob.pa\/crisolfm\/wp-json\/wp\/v2\/media\/14231"}],"wp:attachment":[{"href":"https:\/\/sertv.gob.pa\/crisolfm\/wp-json\/wp\/v2\/media?parent=14230"}],"wp:term":[{"taxonomy":"category","embeddable":true,"href":"https:\/\/sertv.gob.pa\/crisolfm\/wp-json\/wp\/v2\/categories?post=14230"},{"taxonomy":"post_tag","embeddable":true,"href":"https:\/\/sertv.gob.pa\/crisolfm\/wp-json\/wp\/v2\/tags?post=14230"}],"curies":[{"name":"wp","href":"https:\/\/api.w.org\/{rel}","templated":true}]}}