{"id":14239,"date":"2018-11-23T13:22:04","date_gmt":"2018-11-23T13:22:04","guid":{"rendered":"https:\/\/sertv.gob.pa\/crisolfm\/?p=14239"},"modified":"2018-11-23T13:22:04","modified_gmt":"2018-11-23T13:22:04","slug":"alcaldia-de-panama-abre-inscripciones-para-concurso-de-fachadas-brilla-la-navidad","status":"publish","type":"post","link":"https:\/\/sertv.gob.pa\/crisolfm\/alcaldia-de-panama-abre-inscripciones-para-concurso-de-fachadas-brilla-la-navidad\/","title":{"rendered":"Alcald\u00eda de Panam\u00e1 abre inscripciones para concurso de fachadas \u201cBrilla la Navidad\u201d"},"content":{"rendered":"<p>La Alcald\u00eda de Panam\u00e1 llevar\u00e1 a cabo el primer concurso de fachadas \u2018Brilla la Navidad 2018\u2019. Las inscripciones est\u00e1n abiertas desde el 22 de noviembre al 15 de diciembre por medio de un formulario en la secci\u00f3n Inscr\u00edbete de la p\u00e1gina web fachada.mupa.gob.pa. Esta iniciativa busca promover la convivencia entre vecinos y fomentar la participaci\u00f3n ciudadana en el embellecimiento de casas, barriadas, calles y empresas. En el concurso pueden participar en las categor\u00edas de residencias individuales, bloques residenciales \u2014 de tres casas contiguas\u2014, peque\u00f1as y medianas empresas y empresas de locales comerciales que superen los 300Mt2.<\/p>\n<p>La municipalidad escogi\u00f3 a un selecto grupo de profesionales en materia art\u00edstica, arquitect\u00f3nica y de dise\u00f1o que tendr\u00e1n del 17 al 20 de diciembre de 2018 para calificar las fachadas usando criterios tales como atm\u00f3sfera, cobertura, creatividad, iluminaci\u00f3n, uso de energ\u00eda ecol\u00f3gica y limpia, entre otros. Habr\u00e1 ganadores en el primer, segundo y tercer lugar de cada categor\u00eda. Los premios se anunciar\u00e1n el 21 de diciembre desde la plataforma web fachada.mupa.gob.pa y en las redes sociales del Municipio de Panam\u00e1.<\/p>\n<p><span style=\"font-size: 14.0pt\">\u00a0<\/span><\/p>\n","protected":false},"excerpt":{"rendered":"<p>La Alcald\u00eda de Panam\u00e1 llevar\u00e1 a cabo el primer concurso <a href=\"https:\/\/sertv.gob.pa\/crisolfm\/alcaldia-de-panama-abre-inscripciones-para-concurso-de-fachadas-brilla-la-navidad\/\"> [&#8230;]<\/a><\/p>\n","protected":false},"author":64,"featured_media":14240,"comment_status":"closed","ping_status":"closed","sticky":false,"template":"","format":"standard","meta":{"footnotes":""},"categories":[6],"tags":[],"class_list":["post-14239","post","type-post","status-publish","format-standard","has-post-thumbnail","hentry","category-culturales"],"_links":{"self":[{"href":"https:\/\/sertv.gob.pa\/crisolfm\/wp-json\/wp\/v2\/posts\/14239","targetHints":{"allow":["GET"]}}],"collection":[{"href":"https:\/\/sertv.gob.pa\/crisolfm\/wp-json\/wp\/v2\/posts"}],"about":[{"href":"https:\/\/sertv.gob.pa\/crisolfm\/wp-json\/wp\/v2\/types\/post"}],"author":[{"embeddable":true,"href":"https:\/\/sertv.gob.pa\/crisolfm\/wp-json\/wp\/v2\/users\/64"}],"replies":[{"embeddable":true,"href":"https:\/\/sertv.gob.pa\/crisolfm\/wp-json\/wp\/v2\/comments?post=14239"}],"version-history":[{"count":1,"href":"https:\/\/sertv.gob.pa\/crisolfm\/wp-json\/wp\/v2\/posts\/14239\/revisions"}],"predecessor-version":[{"id":14241,"href":"https:\/\/sertv.gob.pa\/crisolfm\/wp-json\/wp\/v2\/posts\/14239\/revisions\/14241"}],"wp:featuredmedia":[{"embeddable":true,"href":"https:\/\/sertv.gob.pa\/crisolfm\/wp-json\/wp\/v2\/media\/14240"}],"wp:attachment":[{"href":"https:\/\/sertv.gob.pa\/crisolfm\/wp-json\/wp\/v2\/media?parent=14239"}],"wp:term":[{"taxonomy":"category","embeddable":true,"href":"https:\/\/sertv.gob.pa\/crisolfm\/wp-json\/wp\/v2\/categories?post=14239"},{"taxonomy":"post_tag","embeddable":true,"href":"https:\/\/sertv.gob.pa\/crisolfm\/wp-json\/wp\/v2\/tags?post=14239"}],"curies":[{"name":"wp","href":"https:\/\/api.w.org\/{rel}","templated":true}]}}