{"id":14268,"date":"2018-11-26T12:36:57","date_gmt":"2018-11-26T12:36:57","guid":{"rendered":"https:\/\/sertv.gob.pa\/crisolfm\/?p=14268"},"modified":"2018-11-26T12:36:57","modified_gmt":"2018-11-26T12:36:57","slug":"conmemoran-dia-internacional-de-la-eliminacion-de-la-violencia-contra-la-mujer","status":"publish","type":"post","link":"https:\/\/sertv.gob.pa\/crisolfm\/conmemoran-dia-internacional-de-la-eliminacion-de-la-violencia-contra-la-mujer\/","title":{"rendered":"Conmemoran D\u00eda Internacional de la Eliminaci\u00f3n de la Violencia contra la Mujer"},"content":{"rendered":"<p>Ayer, 25 de noviembre, el mundo conmemor\u00f3 el D\u00eda Internacional de la Eliminaci\u00f3n de la Violencia contra la Mujer, aprobado desde 1999 por la Asamblea General de las Naciones Unidas (ONU), con el objetivo de sensibilizar a la opini\u00f3n p\u00fablica sobre este problema, que en 2015 fue calificado por esta organizaci\u00f3n como pandemia global, aparte de que requiere la adopci\u00f3n de medidas urgentes por parte de los Estados.<\/p>\n<p>Esta fecha fue elegida en conmemoraci\u00f3n del brutal asesinato, en 1960, de las hermanas Patria, Minerva y Mar\u00eda Teresa Mirabal, activistas pol\u00edticas de Rep\u00fablica Dominicana, por orden del dictador dominicano Rafael Le\u00f3nidas Trujillo, debido a que eran grandes opositoras a su r\u00e9gimen, que dur\u00f3 30 a\u00f1os.<\/p>\n<p>A ra\u00edz de este hecho, en Panam\u00e1 todos los a\u00f1os en el mes de noviembre se llevan a cabo actividades para recordar y crear conciencia sobre la violencia dom\u00e9stica, puesto que los casos de femicidios aumentan cada vez m\u00e1s en el pa\u00eds. \u2018La violencia dom\u00e9stica no est\u00e1 bajando, en lo que va del a\u00f1o 2018 van 17 femicidios y unas 12 mil a 15 mil denuncias de violencia dom\u00e9stica, seg\u00fan datos que maneja el Ministerio P\u00fablico&#8217;, detall\u00f3 la directora del Instituto Nacional de la Mujer (Inamu), Liriola Leoteau de \u00c1vila.<\/p>\n<p>&nbsp;<\/p>\n","protected":false},"excerpt":{"rendered":"<p>Ayer, 25 de noviembre, el mundo conmemor\u00f3 el D\u00eda Internacional <a href=\"https:\/\/sertv.gob.pa\/crisolfm\/conmemoran-dia-internacional-de-la-eliminacion-de-la-violencia-contra-la-mujer\/\"> [&#8230;]<\/a><\/p>\n","protected":false},"author":64,"featured_media":14269,"comment_status":"closed","ping_status":"closed","sticky":false,"template":"","format":"standard","meta":{"footnotes":""},"categories":[6],"tags":[],"class_list":["post-14268","post","type-post","status-publish","format-standard","has-post-thumbnail","hentry","category-culturales"],"_links":{"self":[{"href":"https:\/\/sertv.gob.pa\/crisolfm\/wp-json\/wp\/v2\/posts\/14268","targetHints":{"allow":["GET"]}}],"collection":[{"href":"https:\/\/sertv.gob.pa\/crisolfm\/wp-json\/wp\/v2\/posts"}],"about":[{"href":"https:\/\/sertv.gob.pa\/crisolfm\/wp-json\/wp\/v2\/types\/post"}],"author":[{"embeddable":true,"href":"https:\/\/sertv.gob.pa\/crisolfm\/wp-json\/wp\/v2\/users\/64"}],"replies":[{"embeddable":true,"href":"https:\/\/sertv.gob.pa\/crisolfm\/wp-json\/wp\/v2\/comments?post=14268"}],"version-history":[{"count":1,"href":"https:\/\/sertv.gob.pa\/crisolfm\/wp-json\/wp\/v2\/posts\/14268\/revisions"}],"predecessor-version":[{"id":14270,"href":"https:\/\/sertv.gob.pa\/crisolfm\/wp-json\/wp\/v2\/posts\/14268\/revisions\/14270"}],"wp:featuredmedia":[{"embeddable":true,"href":"https:\/\/sertv.gob.pa\/crisolfm\/wp-json\/wp\/v2\/media\/14269"}],"wp:attachment":[{"href":"https:\/\/sertv.gob.pa\/crisolfm\/wp-json\/wp\/v2\/media?parent=14268"}],"wp:term":[{"taxonomy":"category","embeddable":true,"href":"https:\/\/sertv.gob.pa\/crisolfm\/wp-json\/wp\/v2\/categories?post=14268"},{"taxonomy":"post_tag","embeddable":true,"href":"https:\/\/sertv.gob.pa\/crisolfm\/wp-json\/wp\/v2\/tags?post=14268"}],"curies":[{"name":"wp","href":"https:\/\/api.w.org\/{rel}","templated":true}]}}