{"id":14274,"date":"2018-11-26T12:56:50","date_gmt":"2018-11-26T12:56:50","guid":{"rendered":"https:\/\/sertv.gob.pa\/crisolfm\/?p=14274"},"modified":"2018-11-26T12:56:50","modified_gmt":"2018-11-26T12:56:50","slug":"el-legado-de-leonard-cohen","status":"publish","type":"post","link":"https:\/\/sertv.gob.pa\/crisolfm\/el-legado-de-leonard-cohen\/","title":{"rendered":"El legado de Leonard Cohen"},"content":{"rendered":"<p>Poemas, letras de canciones, cuadernos y dibujos componen \u201cLa llama\u201d, una recopilaci\u00f3n p\u00f3stuma de la obra del m\u00fasico y poeta Leonard Cohen fallecido hace dos a\u00f1os que en un tono l\u00edrico y filos\u00f3fico repasa su vida y afronta la incertidumbre del futuro.<\/p>\n<p>La editorial Salamandra publica en espa\u00f1ol esta obra, concebida por el propio Cohen como un elocuente adi\u00f3s al mundo, una recopilaci\u00f3n p\u00f3stuma de su obra tanto in\u00e9dita como publicada y que muestra la amplia variedad de registros y voces de este poeta y cantante. Un libro prologado por el hijo de Cohen quien asegura contiene los \u00faltimos esfuerzos de su padre como poeta, un dif\u00edcil proceso de escritura mientras su cuerpo se debilitaba por la enfermedad.<\/p>\n<p>EFE<\/p>\n","protected":false},"excerpt":{"rendered":"<p>Poemas, letras de canciones, cuadernos y dibujos componen \u201cLa llama\u201d, <a href=\"https:\/\/sertv.gob.pa\/crisolfm\/el-legado-de-leonard-cohen\/\"> [&#8230;]<\/a><\/p>\n","protected":false},"author":64,"featured_media":14275,"comment_status":"closed","ping_status":"closed","sticky":false,"template":"","format":"standard","meta":{"footnotes":""},"categories":[6],"tags":[],"class_list":["post-14274","post","type-post","status-publish","format-standard","has-post-thumbnail","hentry","category-culturales"],"_links":{"self":[{"href":"https:\/\/sertv.gob.pa\/crisolfm\/wp-json\/wp\/v2\/posts\/14274","targetHints":{"allow":["GET"]}}],"collection":[{"href":"https:\/\/sertv.gob.pa\/crisolfm\/wp-json\/wp\/v2\/posts"}],"about":[{"href":"https:\/\/sertv.gob.pa\/crisolfm\/wp-json\/wp\/v2\/types\/post"}],"author":[{"embeddable":true,"href":"https:\/\/sertv.gob.pa\/crisolfm\/wp-json\/wp\/v2\/users\/64"}],"replies":[{"embeddable":true,"href":"https:\/\/sertv.gob.pa\/crisolfm\/wp-json\/wp\/v2\/comments?post=14274"}],"version-history":[{"count":1,"href":"https:\/\/sertv.gob.pa\/crisolfm\/wp-json\/wp\/v2\/posts\/14274\/revisions"}],"predecessor-version":[{"id":14276,"href":"https:\/\/sertv.gob.pa\/crisolfm\/wp-json\/wp\/v2\/posts\/14274\/revisions\/14276"}],"wp:featuredmedia":[{"embeddable":true,"href":"https:\/\/sertv.gob.pa\/crisolfm\/wp-json\/wp\/v2\/media\/14275"}],"wp:attachment":[{"href":"https:\/\/sertv.gob.pa\/crisolfm\/wp-json\/wp\/v2\/media?parent=14274"}],"wp:term":[{"taxonomy":"category","embeddable":true,"href":"https:\/\/sertv.gob.pa\/crisolfm\/wp-json\/wp\/v2\/categories?post=14274"},{"taxonomy":"post_tag","embeddable":true,"href":"https:\/\/sertv.gob.pa\/crisolfm\/wp-json\/wp\/v2\/tags?post=14274"}],"curies":[{"name":"wp","href":"https:\/\/api.w.org\/{rel}","templated":true}]}}