{"id":14309,"date":"2018-11-29T12:17:27","date_gmt":"2018-11-29T12:17:27","guid":{"rendered":"https:\/\/sertv.gob.pa\/crisolfm\/?p=14309"},"modified":"2018-11-29T12:17:27","modified_gmt":"2018-11-29T12:17:27","slug":"la-migracion-venezolana-marca-los-premios-mantilla","status":"publish","type":"post","link":"https:\/\/sertv.gob.pa\/crisolfm\/la-migracion-venezolana-marca-los-premios-mantilla\/","title":{"rendered":"La migraci\u00f3n venezolana marca los Premios Mantilla"},"content":{"rendered":"<p>La cobertura que el programa Visi\u00f3n 360, del canal Ecuavisa, hizo sobre la migraci\u00f3n venezolana se ha hecho acreedora del Gran Premio Jorge Mantilla, el m\u00e1s importante del periodismo ecuatoriano y que en su XXV edici\u00f3n ha rendido tributo al feminismo y a la libertad de expresi\u00f3n. \u2018Los caminantes venezolanos&#8217;, un trabajo de la joven periodista Carolina Mella, fue galardonado en la categor\u00eda Reportaje, por su aportaci\u00f3n \u2018a la comprensi\u00f3n del problema de la emigraci\u00f3n venezolana por todo el continente&#8217;, seg\u00fan el fallo del jurado, integrado por la editora en jefe del diario El Universo, Nila Vel\u00e1zquez; la columnista Thal\u00eda Flores, tambi\u00e9n corresponsal del diario espa\u00f1ol ABC; y el delegado de Efe en Quito, El\u00edas Levy.<\/p>\n<p>Mella y su equipo acompa\u00f1aron durante cuatro d\u00edas a un grupo de estos emigrantes desde que cruzaron la frontera entre Colombia y Ecuador hasta su llegada a Quito, exponiendo las dificultades, sentimientos y esperanzas de los protagonistas de la historia. Los Premios Jorge Mantilla, en homenaje a quien fuera director del diario El Comercio. diplom\u00e1tico y pol\u00edtico, son concedidos este a\u00f1o por primera vez por la Universidad de las Am\u00e9ricas, despu\u00e9s de que el rotativo cambiase de manos hace cuatro a\u00f1os y dejara de convocarlo.<\/p>\n<p>EFE<\/p>\n","protected":false},"excerpt":{"rendered":"<p>La cobertura que el programa Visi\u00f3n 360, del canal Ecuavisa, <a href=\"https:\/\/sertv.gob.pa\/crisolfm\/la-migracion-venezolana-marca-los-premios-mantilla\/\"> [&#8230;]<\/a><\/p>\n","protected":false},"author":64,"featured_media":14310,"comment_status":"closed","ping_status":"closed","sticky":false,"template":"","format":"standard","meta":{"footnotes":""},"categories":[6],"tags":[],"class_list":["post-14309","post","type-post","status-publish","format-standard","has-post-thumbnail","hentry","category-culturales"],"_links":{"self":[{"href":"https:\/\/sertv.gob.pa\/crisolfm\/wp-json\/wp\/v2\/posts\/14309","targetHints":{"allow":["GET"]}}],"collection":[{"href":"https:\/\/sertv.gob.pa\/crisolfm\/wp-json\/wp\/v2\/posts"}],"about":[{"href":"https:\/\/sertv.gob.pa\/crisolfm\/wp-json\/wp\/v2\/types\/post"}],"author":[{"embeddable":true,"href":"https:\/\/sertv.gob.pa\/crisolfm\/wp-json\/wp\/v2\/users\/64"}],"replies":[{"embeddable":true,"href":"https:\/\/sertv.gob.pa\/crisolfm\/wp-json\/wp\/v2\/comments?post=14309"}],"version-history":[{"count":1,"href":"https:\/\/sertv.gob.pa\/crisolfm\/wp-json\/wp\/v2\/posts\/14309\/revisions"}],"predecessor-version":[{"id":14311,"href":"https:\/\/sertv.gob.pa\/crisolfm\/wp-json\/wp\/v2\/posts\/14309\/revisions\/14311"}],"wp:featuredmedia":[{"embeddable":true,"href":"https:\/\/sertv.gob.pa\/crisolfm\/wp-json\/wp\/v2\/media\/14310"}],"wp:attachment":[{"href":"https:\/\/sertv.gob.pa\/crisolfm\/wp-json\/wp\/v2\/media?parent=14309"}],"wp:term":[{"taxonomy":"category","embeddable":true,"href":"https:\/\/sertv.gob.pa\/crisolfm\/wp-json\/wp\/v2\/categories?post=14309"},{"taxonomy":"post_tag","embeddable":true,"href":"https:\/\/sertv.gob.pa\/crisolfm\/wp-json\/wp\/v2\/tags?post=14309"}],"curies":[{"name":"wp","href":"https:\/\/api.w.org\/{rel}","templated":true}]}}