{"id":14370,"date":"2018-11-30T12:36:45","date_gmt":"2018-11-30T12:36:45","guid":{"rendered":"https:\/\/sertv.gob.pa\/crisolfm\/?p=14370"},"modified":"2018-11-30T12:36:45","modified_gmt":"2018-11-30T12:36:45","slug":"fallece-lord-panama-el-calypso-esta-de-luto","status":"publish","type":"post","link":"https:\/\/sertv.gob.pa\/crisolfm\/fallece-lord-panama-el-calypso-esta-de-luto\/","title":{"rendered":"Fallece \u201cLord Panam\u00e1\u201d, el calypso est\u00e1 de luto"},"content":{"rendered":"<p>George Allen, mejor conocido como \u201cLord Panam\u00e1\u201d, muri\u00f3 este jueves a sus 90 a\u00f1os sabiendo que puso a gozar a mucha gente con el tan gustado \u2018Calypso\u2019 en la d\u00e9cada de los 60 y 70, legado ancestral caribe\u00f1o, que se nos desvanece con el paso del tiempo.<\/p>\n<p>El calypso como expresi\u00f3n deriva de los trovadores de \u00c1frica Occidental, que les cantaban a sus deidades. Esa costumbre la llevaron a las Antillas, donde le llamaban \u201ckaiso\u201d, y musicaliz\u00f3 el Canboulay, una fiesta que hoy conocemos como el Carnaval de Trinidad y Tobago. All\u00ed se convirti\u00f3 en calypso y cuando lleg\u00f3 a Panam\u00e1 igualmente encendi\u00f3 la fiesta en los carnavales. Los calypsonians, como les dec\u00edan a los cantautores de este g\u00e9nero, improvisaban en los patios de casas o en las esquinas, narraban sucesos cotidianos, del barrio, usando el doble sentido y con un ingl\u00e9s de acento antillano.<\/p>\n<p>&nbsp;<\/p>\n","protected":false},"excerpt":{"rendered":"<p>George Allen, mejor conocido como \u201cLord Panam\u00e1\u201d, muri\u00f3 este jueves <a href=\"https:\/\/sertv.gob.pa\/crisolfm\/fallece-lord-panama-el-calypso-esta-de-luto\/\"> [&#8230;]<\/a><\/p>\n","protected":false},"author":64,"featured_media":14371,"comment_status":"closed","ping_status":"closed","sticky":false,"template":"","format":"standard","meta":{"footnotes":""},"categories":[6],"tags":[],"class_list":["post-14370","post","type-post","status-publish","format-standard","has-post-thumbnail","hentry","category-culturales"],"_links":{"self":[{"href":"https:\/\/sertv.gob.pa\/crisolfm\/wp-json\/wp\/v2\/posts\/14370","targetHints":{"allow":["GET"]}}],"collection":[{"href":"https:\/\/sertv.gob.pa\/crisolfm\/wp-json\/wp\/v2\/posts"}],"about":[{"href":"https:\/\/sertv.gob.pa\/crisolfm\/wp-json\/wp\/v2\/types\/post"}],"author":[{"embeddable":true,"href":"https:\/\/sertv.gob.pa\/crisolfm\/wp-json\/wp\/v2\/users\/64"}],"replies":[{"embeddable":true,"href":"https:\/\/sertv.gob.pa\/crisolfm\/wp-json\/wp\/v2\/comments?post=14370"}],"version-history":[{"count":1,"href":"https:\/\/sertv.gob.pa\/crisolfm\/wp-json\/wp\/v2\/posts\/14370\/revisions"}],"predecessor-version":[{"id":14372,"href":"https:\/\/sertv.gob.pa\/crisolfm\/wp-json\/wp\/v2\/posts\/14370\/revisions\/14372"}],"wp:featuredmedia":[{"embeddable":true,"href":"https:\/\/sertv.gob.pa\/crisolfm\/wp-json\/wp\/v2\/media\/14371"}],"wp:attachment":[{"href":"https:\/\/sertv.gob.pa\/crisolfm\/wp-json\/wp\/v2\/media?parent=14370"}],"wp:term":[{"taxonomy":"category","embeddable":true,"href":"https:\/\/sertv.gob.pa\/crisolfm\/wp-json\/wp\/v2\/categories?post=14370"},{"taxonomy":"post_tag","embeddable":true,"href":"https:\/\/sertv.gob.pa\/crisolfm\/wp-json\/wp\/v2\/tags?post=14370"}],"curies":[{"name":"wp","href":"https:\/\/api.w.org\/{rel}","templated":true}]}}