{"id":14376,"date":"2018-11-30T13:02:22","date_gmt":"2018-11-30T13:02:22","guid":{"rendered":"https:\/\/sertv.gob.pa\/crisolfm\/?p=14376"},"modified":"2018-11-30T13:02:22","modified_gmt":"2018-11-30T13:02:22","slug":"concierto-semillero-musical-2018-en-centro-comercial-el-dorado","status":"publish","type":"post","link":"https:\/\/sertv.gob.pa\/crisolfm\/concierto-semillero-musical-2018-en-centro-comercial-el-dorado\/","title":{"rendered":"Concierto \u201cSemillero musical 2018\u201d en Centro Comercial El Dorado"},"content":{"rendered":"<p>Como parte de su misi\u00f3n de crear y apoyar programas e iniciativas que promuevan y enriquezcan el arte y la cultura en Panam\u00e1, la Fundaci\u00f3n Sinfon\u00eda Concertante de Panam\u00e1 presentar\u00e1 el concierto magistral \u2018Semillero Musical 2018&#8242;, el cual ser\u00e1 totalmente gratis.<\/p>\n<p>A trav\u00e9s del programa Filarm\u00f3nicas Infantiles y Juveniles de Panam\u00e1 (FIJP), esta fundaci\u00f3n usa la m\u00fasica y su pr\u00e1ctica colectiva como una herramienta de transformaci\u00f3n social. Este concierto tendr\u00e1 lugar este s\u00e1bado 1 de diciembre en la Plaza Central del Centro Comercial El Dorado.|<\/p>\n<p>&nbsp;<\/p>\n","protected":false},"excerpt":{"rendered":"<p>Como parte de su misi\u00f3n de crear y apoyar programas <a href=\"https:\/\/sertv.gob.pa\/crisolfm\/concierto-semillero-musical-2018-en-centro-comercial-el-dorado\/\"> [&#8230;]<\/a><\/p>\n","protected":false},"author":64,"featured_media":14377,"comment_status":"closed","ping_status":"closed","sticky":false,"template":"","format":"standard","meta":{"footnotes":""},"categories":[6],"tags":[],"class_list":["post-14376","post","type-post","status-publish","format-standard","has-post-thumbnail","hentry","category-culturales"],"_links":{"self":[{"href":"https:\/\/sertv.gob.pa\/crisolfm\/wp-json\/wp\/v2\/posts\/14376","targetHints":{"allow":["GET"]}}],"collection":[{"href":"https:\/\/sertv.gob.pa\/crisolfm\/wp-json\/wp\/v2\/posts"}],"about":[{"href":"https:\/\/sertv.gob.pa\/crisolfm\/wp-json\/wp\/v2\/types\/post"}],"author":[{"embeddable":true,"href":"https:\/\/sertv.gob.pa\/crisolfm\/wp-json\/wp\/v2\/users\/64"}],"replies":[{"embeddable":true,"href":"https:\/\/sertv.gob.pa\/crisolfm\/wp-json\/wp\/v2\/comments?post=14376"}],"version-history":[{"count":1,"href":"https:\/\/sertv.gob.pa\/crisolfm\/wp-json\/wp\/v2\/posts\/14376\/revisions"}],"predecessor-version":[{"id":14378,"href":"https:\/\/sertv.gob.pa\/crisolfm\/wp-json\/wp\/v2\/posts\/14376\/revisions\/14378"}],"wp:featuredmedia":[{"embeddable":true,"href":"https:\/\/sertv.gob.pa\/crisolfm\/wp-json\/wp\/v2\/media\/14377"}],"wp:attachment":[{"href":"https:\/\/sertv.gob.pa\/crisolfm\/wp-json\/wp\/v2\/media?parent=14376"}],"wp:term":[{"taxonomy":"category","embeddable":true,"href":"https:\/\/sertv.gob.pa\/crisolfm\/wp-json\/wp\/v2\/categories?post=14376"},{"taxonomy":"post_tag","embeddable":true,"href":"https:\/\/sertv.gob.pa\/crisolfm\/wp-json\/wp\/v2\/tags?post=14376"}],"curies":[{"name":"wp","href":"https:\/\/api.w.org\/{rel}","templated":true}]}}