{"id":14379,"date":"2018-11-30T13:09:39","date_gmt":"2018-11-30T13:09:39","guid":{"rendered":"https:\/\/sertv.gob.pa\/crisolfm\/?p=14379"},"modified":"2018-11-30T13:09:39","modified_gmt":"2018-11-30T13:09:39","slug":"una-foto-de-van-gogh-resulta-ser-un-retrato-de-su-hermano","status":"publish","type":"post","link":"https:\/\/sertv.gob.pa\/crisolfm\/una-foto-de-van-gogh-resulta-ser-un-retrato-de-su-hermano\/","title":{"rendered":"Una foto de Van Gogh resulta ser un retrato de su hermano"},"content":{"rendered":"<p>Una de las dos \u00fanicas fotograf\u00edas existentes de Vincent Van Gogh, que siempre se crey\u00f3 que representaba al famoso pintor holand\u00e9s, resulta ser un retrato de su hermano, revel\u00f3 el Museo Van Gogh de \u00c1msterdam este jueves. \u00a0\u00abUna fotograf\u00eda que siempre asumimos que representaba a Vincent Van Gogh, que entonces ten\u00eda 13 a\u00f1os, resulta ser el retrato de su hermano Theo Van Gogh a los 15 a\u00f1os\u00bb, declar\u00f3 el museo en un comunicado tras desvelar las conclusiones de un estudio profundizado e in\u00e9dito de la fotograf\u00eda.<\/p>\n<p>La foto en blanco y negro representa a un joven con pelo rizado y ojos claros. Era una de los dos \u00fanicos retratos conocidos del pintor y se encuentra en muchas biograf\u00edas. Ambos hermanos se parec\u00edan mucho, pero Theo se distingu\u00eda por sus rasgos delicados y \u00abojos muy claros\u00bb, como los del hombre joven en la foto, subraya el museo. \u00abGracias a este descubrimiento, perdimos una ilusi\u00f3n y ganamos un retrato de Theo\u00bb, declar\u00f3 el director del museo, Axel Ruger. La imagen, tomada por el fot\u00f3grafo bruselense Balduin Schwarz, apareci\u00f3 por primera vez durante una exposici\u00f3n organizada en 1957 por un investigador belga que lo identific\u00f3 en un cat\u00e1logo bajo el t\u00edtulo \u00abRetrato de Vincent Van Gogh (hacia 1886)\u00bb.<\/p>\n<p>&nbsp;<\/p>\n<p>AFP<\/p>\n","protected":false},"excerpt":{"rendered":"<p>Una de las dos \u00fanicas fotograf\u00edas existentes de Vincent Van <a href=\"https:\/\/sertv.gob.pa\/crisolfm\/una-foto-de-van-gogh-resulta-ser-un-retrato-de-su-hermano\/\"> [&#8230;]<\/a><\/p>\n","protected":false},"author":64,"featured_media":14380,"comment_status":"closed","ping_status":"closed","sticky":false,"template":"","format":"standard","meta":{"footnotes":""},"categories":[6],"tags":[],"class_list":["post-14379","post","type-post","status-publish","format-standard","has-post-thumbnail","hentry","category-culturales"],"_links":{"self":[{"href":"https:\/\/sertv.gob.pa\/crisolfm\/wp-json\/wp\/v2\/posts\/14379","targetHints":{"allow":["GET"]}}],"collection":[{"href":"https:\/\/sertv.gob.pa\/crisolfm\/wp-json\/wp\/v2\/posts"}],"about":[{"href":"https:\/\/sertv.gob.pa\/crisolfm\/wp-json\/wp\/v2\/types\/post"}],"author":[{"embeddable":true,"href":"https:\/\/sertv.gob.pa\/crisolfm\/wp-json\/wp\/v2\/users\/64"}],"replies":[{"embeddable":true,"href":"https:\/\/sertv.gob.pa\/crisolfm\/wp-json\/wp\/v2\/comments?post=14379"}],"version-history":[{"count":1,"href":"https:\/\/sertv.gob.pa\/crisolfm\/wp-json\/wp\/v2\/posts\/14379\/revisions"}],"predecessor-version":[{"id":14381,"href":"https:\/\/sertv.gob.pa\/crisolfm\/wp-json\/wp\/v2\/posts\/14379\/revisions\/14381"}],"wp:featuredmedia":[{"embeddable":true,"href":"https:\/\/sertv.gob.pa\/crisolfm\/wp-json\/wp\/v2\/media\/14380"}],"wp:attachment":[{"href":"https:\/\/sertv.gob.pa\/crisolfm\/wp-json\/wp\/v2\/media?parent=14379"}],"wp:term":[{"taxonomy":"category","embeddable":true,"href":"https:\/\/sertv.gob.pa\/crisolfm\/wp-json\/wp\/v2\/categories?post=14379"},{"taxonomy":"post_tag","embeddable":true,"href":"https:\/\/sertv.gob.pa\/crisolfm\/wp-json\/wp\/v2\/tags?post=14379"}],"curies":[{"name":"wp","href":"https:\/\/api.w.org\/{rel}","templated":true}]}}