{"id":14403,"date":"2018-12-01T00:00:34","date_gmt":"2018-12-01T00:00:34","guid":{"rendered":"https:\/\/sertv.gob.pa\/crisolfm\/?p=14403"},"modified":"2018-11-30T17:44:27","modified_gmt":"2018-11-30T17:44:27","slug":"claudia-pineiro-gana-el-xiv-premio-carvalho","status":"publish","type":"post","link":"https:\/\/sertv.gob.pa\/crisolfm\/claudia-pineiro-gana-el-xiv-premio-carvalho\/","title":{"rendered":"Claudia Pi\u00f1eiro gana el XIV Premio Carvalho"},"content":{"rendered":"<p>La escritora argentina <strong>Claudia Pi\u00f1eiro <\/strong>(Burzaco, 1960) ha sido galardonada con el <a href=\"https:\/\/www.abc.es\/cultura\/libros\/abci-crimen-escribe-barcelona-201801290209_noticia.html\" target=\"_blank\" rel=\"noopener\">XIV Premi Pepe Carvalho,<\/a> seg\u00fan ha anunciado este viernes el Instituto de Cultura de Barcelona (ICUB). Pi\u00f1eiro, que sigue <a href=\"https:\/\/www.abc.es\/cultura\/libros\/abci-james-ellroy-genio-y-figura-bcnegra-dedicado-acoso-201801170134_noticia.html\" target=\"_blank\" rel=\"noopener\">los pasos de autores como James Ellroy, Dennis Lehane y Donna Leon, <\/a>recibir\u00e1 el premio el 31 de enero de 2019 en el Sal\u00f3 de Cent del Ayuntamiento coincidiendo con una nueva edici\u00f3n de BCNegra. \u00a0<strong>Escritora, dramaturga y guionista de televisi\u00f3n,<\/strong> Pi\u00f1eiro es, seg\u00fan el jurado, \u00abun referente \u00e9tico y literario para las letras de su pa\u00eds\u00bb. \u00abDesde su primera novela ha sido una buena y refrescante noticia para los lectores del g\u00e9nero negro\u00bb, ha destacado en su veredicto el jurado formado por Carlos Zan\u00f3n, Antonio Iturbe, Marta Sanz, Xon Pag\u00e8s, Daniel V\u00e1zquez Sall\u00e9s y Sergio Vila-Sanju\u00e1n.<\/p>\n<p>\u00abSu literatura goza de un talento innato a la hora de contar historias con la dosis adecuada de suspense. Con l\u00ednea clara dibuja argumentos y personajes que generan preguntas sin respuestas f\u00e1ciles o c\u00f3modas.<strong> Construye buenas tramas y buenos personajes,<\/strong> elige temas importantes para su comunidad, utiliza tanto la acci\u00f3n, la denuncia, como el sentido del humor y todo lo hace con una falsa facilidad que esconde esfuerzo, ambici\u00f3n y coraje\u00bb, prosiguen los responsables del galard\u00f3n. Pi\u00f1eiro <a href=\"https:\/\/www.abc.es\/cultura\/cultural\/abci-thrillers-feria-libro-historias-alma-negra-201605311200_noticia.html\" target=\"_blank\" rel=\"noopener\">es autora en m\u00e1s de una docena de novelas, entre ellas las policiales<\/a> \u00abLas viudas de los jueves\u00bb, \u00abElena sabe\u00bb, \u00abTuya\u00bb, \u00abLas grietas de Jara\u00bb o \u00abBetib\u00fa\u00bb. Esta \u00faltima dio pie a una adaptaci\u00f3n cinematogr\u00e1fica que precisamente se pudo ver el a\u00f1o pasado en BCNegra en una proyecci\u00f3n conjunta con \u00abLa Dalia Negra\u00bb, de James Ellroy.<\/p>\n<p>&nbsp;<\/p>\n<p>ABC Cultura<\/p>\n","protected":false},"excerpt":{"rendered":"<p>La escritora argentina Claudia Pi\u00f1eiro (Burzaco, 1960) ha sido galardonada <a href=\"https:\/\/sertv.gob.pa\/crisolfm\/claudia-pineiro-gana-el-xiv-premio-carvalho\/\"> [&#8230;]<\/a><\/p>\n","protected":false},"author":64,"featured_media":14404,"comment_status":"closed","ping_status":"closed","sticky":false,"template":"","format":"standard","meta":{"footnotes":""},"categories":[6],"tags":[],"class_list":["post-14403","post","type-post","status-publish","format-standard","has-post-thumbnail","hentry","category-culturales"],"_links":{"self":[{"href":"https:\/\/sertv.gob.pa\/crisolfm\/wp-json\/wp\/v2\/posts\/14403","targetHints":{"allow":["GET"]}}],"collection":[{"href":"https:\/\/sertv.gob.pa\/crisolfm\/wp-json\/wp\/v2\/posts"}],"about":[{"href":"https:\/\/sertv.gob.pa\/crisolfm\/wp-json\/wp\/v2\/types\/post"}],"author":[{"embeddable":true,"href":"https:\/\/sertv.gob.pa\/crisolfm\/wp-json\/wp\/v2\/users\/64"}],"replies":[{"embeddable":true,"href":"https:\/\/sertv.gob.pa\/crisolfm\/wp-json\/wp\/v2\/comments?post=14403"}],"version-history":[{"count":1,"href":"https:\/\/sertv.gob.pa\/crisolfm\/wp-json\/wp\/v2\/posts\/14403\/revisions"}],"predecessor-version":[{"id":14405,"href":"https:\/\/sertv.gob.pa\/crisolfm\/wp-json\/wp\/v2\/posts\/14403\/revisions\/14405"}],"wp:featuredmedia":[{"embeddable":true,"href":"https:\/\/sertv.gob.pa\/crisolfm\/wp-json\/wp\/v2\/media\/14404"}],"wp:attachment":[{"href":"https:\/\/sertv.gob.pa\/crisolfm\/wp-json\/wp\/v2\/media?parent=14403"}],"wp:term":[{"taxonomy":"category","embeddable":true,"href":"https:\/\/sertv.gob.pa\/crisolfm\/wp-json\/wp\/v2\/categories?post=14403"},{"taxonomy":"post_tag","embeddable":true,"href":"https:\/\/sertv.gob.pa\/crisolfm\/wp-json\/wp\/v2\/tags?post=14403"}],"curies":[{"name":"wp","href":"https:\/\/api.w.org\/{rel}","templated":true}]}}