{"id":14423,"date":"2018-12-03T13:12:28","date_gmt":"2018-12-03T13:12:28","guid":{"rendered":"https:\/\/sertv.gob.pa\/crisolfm\/?p=14423"},"modified":"2018-12-03T13:12:28","modified_gmt":"2018-12-03T13:12:28","slug":"diciembres-film-en-honor-a-victimas-de-la-invasion","status":"publish","type":"post","link":"https:\/\/sertv.gob.pa\/crisolfm\/diciembres-film-en-honor-a-victimas-de-la-invasion\/","title":{"rendered":"\u201cDiciembres\u201d, film en honor a v\u00edctimas de la Invasi\u00f3n"},"content":{"rendered":"<p>\u2018Prohibido olvidar&#8217; es la consigna de no pocos paname\u00f1os en torno al 20 de diciembre de 1989. Una fecha en la que soldados estadounidenses irrumpieron en Panam\u00e1, con bombas, sobre el popular barrio El Chorrillo (donde se ubicaba el Cuartel Central de las Fuerzas de Defensa) y a su vez invadieron distintos puntos del territorio nacional. A pocos d\u00edas de conmemorar este hecho, el cineasta Enrique Castro R\u00edos, con su cinta Diciembres, que estrena el 6 de diciembre, pretende rememorar estos sucesos. Y es que ya son 29 a\u00f1os de la Operaci\u00f3n Causa Justa, que tuvo como prop\u00f3sito derrocar al dictador Manuel Antonio Noriega. Muertes, heridos, convulsiones sociales y actos violentos en el pa\u00eds fueron las consecuencias.<\/p>\n<p>Diciembres es un drama familiar con im\u00e1genes in\u00e9ditas de los hechos b\u00e9licos durante la invasi\u00f3n. Un film que obtuvo una menci\u00f3n especial del jurado de la decimos\u00e9ptima edici\u00f3n del Festival de Cine Independiente de Roma (RIFF), por su gui\u00f3n. Castro R\u00edos, director de Diciembres , que estren\u00f3 a nivel mundial el 7 de abril de 2018 en el Festival Internacional de Cine de Panam\u00e1 (IFF), detalla que \u2018reflexionar, analizar y poco a poco entender la invasi\u00f3n de forma m\u00e1s profunda nos ayudar\u00eda a confrontar problemas sociales que nos siguen afectando: el clasismo, el racismo, el odio propio que nos lleva a identificarnos con el atacante y no con el atacado, olvidando a este \u00faltimo y justificando un acto de guerra excesiva e innecesariamente violento&#8217;.<\/p>\n<p>&nbsp;<\/p>\n","protected":false},"excerpt":{"rendered":"<p>\u2018Prohibido olvidar&#8217; es la consigna de no pocos paname\u00f1os en <a href=\"https:\/\/sertv.gob.pa\/crisolfm\/diciembres-film-en-honor-a-victimas-de-la-invasion\/\"> [&#8230;]<\/a><\/p>\n","protected":false},"author":64,"featured_media":14424,"comment_status":"closed","ping_status":"closed","sticky":false,"template":"","format":"standard","meta":{"footnotes":""},"categories":[6],"tags":[],"class_list":["post-14423","post","type-post","status-publish","format-standard","has-post-thumbnail","hentry","category-culturales"],"_links":{"self":[{"href":"https:\/\/sertv.gob.pa\/crisolfm\/wp-json\/wp\/v2\/posts\/14423","targetHints":{"allow":["GET"]}}],"collection":[{"href":"https:\/\/sertv.gob.pa\/crisolfm\/wp-json\/wp\/v2\/posts"}],"about":[{"href":"https:\/\/sertv.gob.pa\/crisolfm\/wp-json\/wp\/v2\/types\/post"}],"author":[{"embeddable":true,"href":"https:\/\/sertv.gob.pa\/crisolfm\/wp-json\/wp\/v2\/users\/64"}],"replies":[{"embeddable":true,"href":"https:\/\/sertv.gob.pa\/crisolfm\/wp-json\/wp\/v2\/comments?post=14423"}],"version-history":[{"count":1,"href":"https:\/\/sertv.gob.pa\/crisolfm\/wp-json\/wp\/v2\/posts\/14423\/revisions"}],"predecessor-version":[{"id":14425,"href":"https:\/\/sertv.gob.pa\/crisolfm\/wp-json\/wp\/v2\/posts\/14423\/revisions\/14425"}],"wp:featuredmedia":[{"embeddable":true,"href":"https:\/\/sertv.gob.pa\/crisolfm\/wp-json\/wp\/v2\/media\/14424"}],"wp:attachment":[{"href":"https:\/\/sertv.gob.pa\/crisolfm\/wp-json\/wp\/v2\/media?parent=14423"}],"wp:term":[{"taxonomy":"category","embeddable":true,"href":"https:\/\/sertv.gob.pa\/crisolfm\/wp-json\/wp\/v2\/categories?post=14423"},{"taxonomy":"post_tag","embeddable":true,"href":"https:\/\/sertv.gob.pa\/crisolfm\/wp-json\/wp\/v2\/tags?post=14423"}],"curies":[{"name":"wp","href":"https:\/\/api.w.org\/{rel}","templated":true}]}}