{"id":14444,"date":"2018-12-03T14:36:15","date_gmt":"2018-12-03T14:36:15","guid":{"rendered":"https:\/\/sertv.gob.pa\/crisolfm\/?p=14444"},"modified":"2018-12-03T14:36:15","modified_gmt":"2018-12-03T14:36:15","slug":"beyonce-en-el-concierto-del-centenario-del-nacimiento-de-mandela","status":"publish","type":"post","link":"https:\/\/sertv.gob.pa\/crisolfm\/beyonce-en-el-concierto-del-centenario-del-nacimiento-de-mandela\/","title":{"rendered":"Beyonc\u00e9 en el concierto del centenario del nacimiento de Mandela"},"content":{"rendered":"<p>La \u00absuperstar\u00bb estadounidense Beyonc\u00e9 fue este domingo la principal figura de un concierto en Johannesburgo, junto a otros artistas como Ed Sheeran, Jay-Z y Usher, para rendir homenaje a la vida de Nelson Mandela. El concierto, que tuvo lugar en el estadio de Johannesburgo, fue el punto culminante de una serie de acontecimientos organizados con motivo del centenario del nacimiento de Nelson Mandela en 1918, figura hist\u00f3rica de la lucha contra el apartheid. El acto formaba parte de una campa\u00f1a destinada a erradicar la pobreza y la desnutrici\u00f3n infantil y mejorar la igualdad entre los sexos.<\/p>\n<p>Beyonc\u00e9 interpret\u00f3 varios de sus temas m\u00e1s populares y tambi\u00e9n cant\u00f3 a d\u00fao con Ed Sheeran. Antes del inicio del concierto, la famosa animadora de televisi\u00f3n y empresaria estadounidense Oprah Winfrey, copresentadora del espect\u00e1culo, salud\u00f3 la \u00abbondad y la integridad\u00bb de Mandela. H\u00e9roe de la lucha antiapartheid, Nelson Mandela fue liberado en 1990 tras 27 a\u00f1os de c\u00e1rcel y su partido, el ANC, fue legalizado.<\/p>\n<p>&nbsp;<\/p>\n<p>AFP<\/p>\n","protected":false},"excerpt":{"rendered":"<p>La \u00absuperstar\u00bb estadounidense Beyonc\u00e9 fue este domingo la principal figura <a href=\"https:\/\/sertv.gob.pa\/crisolfm\/beyonce-en-el-concierto-del-centenario-del-nacimiento-de-mandela\/\"> [&#8230;]<\/a><\/p>\n","protected":false},"author":64,"featured_media":14445,"comment_status":"closed","ping_status":"closed","sticky":false,"template":"","format":"standard","meta":{"footnotes":""},"categories":[6],"tags":[],"class_list":["post-14444","post","type-post","status-publish","format-standard","has-post-thumbnail","hentry","category-culturales"],"_links":{"self":[{"href":"https:\/\/sertv.gob.pa\/crisolfm\/wp-json\/wp\/v2\/posts\/14444","targetHints":{"allow":["GET"]}}],"collection":[{"href":"https:\/\/sertv.gob.pa\/crisolfm\/wp-json\/wp\/v2\/posts"}],"about":[{"href":"https:\/\/sertv.gob.pa\/crisolfm\/wp-json\/wp\/v2\/types\/post"}],"author":[{"embeddable":true,"href":"https:\/\/sertv.gob.pa\/crisolfm\/wp-json\/wp\/v2\/users\/64"}],"replies":[{"embeddable":true,"href":"https:\/\/sertv.gob.pa\/crisolfm\/wp-json\/wp\/v2\/comments?post=14444"}],"version-history":[{"count":1,"href":"https:\/\/sertv.gob.pa\/crisolfm\/wp-json\/wp\/v2\/posts\/14444\/revisions"}],"predecessor-version":[{"id":14446,"href":"https:\/\/sertv.gob.pa\/crisolfm\/wp-json\/wp\/v2\/posts\/14444\/revisions\/14446"}],"wp:featuredmedia":[{"embeddable":true,"href":"https:\/\/sertv.gob.pa\/crisolfm\/wp-json\/wp\/v2\/media\/14445"}],"wp:attachment":[{"href":"https:\/\/sertv.gob.pa\/crisolfm\/wp-json\/wp\/v2\/media?parent=14444"}],"wp:term":[{"taxonomy":"category","embeddable":true,"href":"https:\/\/sertv.gob.pa\/crisolfm\/wp-json\/wp\/v2\/categories?post=14444"},{"taxonomy":"post_tag","embeddable":true,"href":"https:\/\/sertv.gob.pa\/crisolfm\/wp-json\/wp\/v2\/tags?post=14444"}],"curies":[{"name":"wp","href":"https:\/\/api.w.org\/{rel}","templated":true}]}}