{"id":14466,"date":"2018-12-04T12:27:55","date_gmt":"2018-12-04T12:27:55","guid":{"rendered":"https:\/\/sertv.gob.pa\/crisolfm\/?p=14466"},"modified":"2018-12-04T12:27:55","modified_gmt":"2018-12-04T12:27:55","slug":"diciembre-mes-de-conciertos-navidenos","status":"publish","type":"post","link":"https:\/\/sertv.gob.pa\/crisolfm\/diciembre-mes-de-conciertos-navidenos\/","title":{"rendered":"Diciembre, mes de conciertos navide\u00f1os"},"content":{"rendered":"<p>La Orquesta Sinf\u00f3nica Nacional ofrecer\u00e1 tres conciertos matutinos de Navidad el 7, 10 y 11 de diciembre a las 9:00 a.m. en el teatro Balboa. La entrada es libre para todo p\u00fablico. En tanto, las Filarm\u00f3nicas Infantiles y Juveniles de Panam\u00e1 presentar\u00e1n el Concierto de Navidad el 11 de diciembre a las 7:00 p.m. en la iglesia San Jos\u00e9, en el Casco Antiguo. Participar\u00e1n el Ensamble de Iniciaci\u00f3n de Violines, la Orquesta de Iniciaci\u00f3n Narciso Garay, la Orquesta Filarm\u00f3nica Gonzalo Brenes y la Camerata Essy Casal, seg\u00fan informaci\u00f3n de la Fundaci\u00f3n Sinfon\u00eda Concertante de Panam\u00e1.<\/p>\n<p>El concierto Jazz en Bel\u00e9n tendr\u00e1 2 funciones esta vez: el 12 de diciembre a las 7:00 p.m. en Galer\u00eda Allegro, y el 13 de diciembre a las 8:00 p.m. en el teatro en C\u00edrculo. Ser\u00e1 la decimosexta edici\u00f3n del evento liderado por el saxofonista Luis Carlos P\u00e9rez. \u00bfVillancicos? Los interpretar\u00e1 el grupo Facetas en La Plaza de Ciudad del Saber el 5, 11, 14 y el 18 de diciembre. Las primeras tres jornadas musicales se efectuar\u00e1n a las 12:30 del mediod\u00eda, mientras que la de clausura ser\u00e1 a las 6:00 p.m. Otro espect\u00e1culo de participaci\u00f3n libre ser\u00e1 la presentaci\u00f3n de la banda del Benem\u00e9rito Cuerpo de Bomberos en Town Center, el 16 de diciembre a las 6:00 p.m.<\/p>\n<p>&nbsp;<\/p>\n<p>&nbsp;<\/p>\n<p>&nbsp;<\/p>\n","protected":false},"excerpt":{"rendered":"<p>La Orquesta Sinf\u00f3nica Nacional ofrecer\u00e1 tres conciertos matutinos de Navidad <a href=\"https:\/\/sertv.gob.pa\/crisolfm\/diciembre-mes-de-conciertos-navidenos\/\"> [&#8230;]<\/a><\/p>\n","protected":false},"author":64,"featured_media":14467,"comment_status":"closed","ping_status":"closed","sticky":false,"template":"","format":"standard","meta":{"footnotes":""},"categories":[6],"tags":[],"class_list":["post-14466","post","type-post","status-publish","format-standard","has-post-thumbnail","hentry","category-culturales"],"_links":{"self":[{"href":"https:\/\/sertv.gob.pa\/crisolfm\/wp-json\/wp\/v2\/posts\/14466","targetHints":{"allow":["GET"]}}],"collection":[{"href":"https:\/\/sertv.gob.pa\/crisolfm\/wp-json\/wp\/v2\/posts"}],"about":[{"href":"https:\/\/sertv.gob.pa\/crisolfm\/wp-json\/wp\/v2\/types\/post"}],"author":[{"embeddable":true,"href":"https:\/\/sertv.gob.pa\/crisolfm\/wp-json\/wp\/v2\/users\/64"}],"replies":[{"embeddable":true,"href":"https:\/\/sertv.gob.pa\/crisolfm\/wp-json\/wp\/v2\/comments?post=14466"}],"version-history":[{"count":1,"href":"https:\/\/sertv.gob.pa\/crisolfm\/wp-json\/wp\/v2\/posts\/14466\/revisions"}],"predecessor-version":[{"id":14468,"href":"https:\/\/sertv.gob.pa\/crisolfm\/wp-json\/wp\/v2\/posts\/14466\/revisions\/14468"}],"wp:featuredmedia":[{"embeddable":true,"href":"https:\/\/sertv.gob.pa\/crisolfm\/wp-json\/wp\/v2\/media\/14467"}],"wp:attachment":[{"href":"https:\/\/sertv.gob.pa\/crisolfm\/wp-json\/wp\/v2\/media?parent=14466"}],"wp:term":[{"taxonomy":"category","embeddable":true,"href":"https:\/\/sertv.gob.pa\/crisolfm\/wp-json\/wp\/v2\/categories?post=14466"},{"taxonomy":"post_tag","embeddable":true,"href":"https:\/\/sertv.gob.pa\/crisolfm\/wp-json\/wp\/v2\/tags?post=14466"}],"curies":[{"name":"wp","href":"https:\/\/api.w.org\/{rel}","templated":true}]}}