{"id":14473,"date":"2018-12-04T12:59:54","date_gmt":"2018-12-04T12:59:54","guid":{"rendered":"https:\/\/sertv.gob.pa\/crisolfm\/?p=14473"},"modified":"2018-12-04T12:59:54","modified_gmt":"2018-12-04T12:59:54","slug":"homenaje-al-panameno-alex-blake-en-panama-jazz-festival-2019","status":"publish","type":"post","link":"https:\/\/sertv.gob.pa\/crisolfm\/homenaje-al-panameno-alex-blake-en-panama-jazz-festival-2019\/","title":{"rendered":"Homenaje al paname\u00f1o Alex Blake en Panam\u00e1 Jazz Festival 2019"},"content":{"rendered":"<p>El Panam\u00e1 Jazz Festival 2019 podr\u00eda constituirse en un v\u00ednculo hist\u00f3rico y dejar una huella indeleble en la musicalidad paname\u00f1a, con un homenaje al trombonista y trompetista Alex Blake y a su familia. Blake naci\u00f3 en 1926 y se destaca como uno de los m\u00fasicos m\u00e1s emblem\u00e1ticos de la \u00e9poca de oro musical de Panam\u00e1, d\u00e9cadas del 40 y 50. En 1959 emigr\u00f3 a Estados Unidos, donde tuvo la oportunidad de seguir trabajando en el \u00e1mbito musical neoyorquino junto a grandes de la salsa de las d\u00e9cadas de 1960 y 1970, como: Joe Coto, Ritmo Swing y el puertorrique\u00f1o Kako Mon Rivera. A finales de 1960 form\u00f3 su conjunto integrado por 10 m\u00fasicos bajo el nombre de \u201cAlex y su Orquesta\u201d.<\/p>\n<p>La d\u00e9cimo sexta versi\u00f3n del Panam\u00e1 Jazz Festival, que se realizar\u00e1 del 14 al 19 de enero de 2019 en la Ciudad del Saber, contar\u00e1 con las presentaciones de: Jane Bunnet &amp; Maqueque, Andrew Hayward, Gunhild Carlin, Lucia Pulido, Alex Blake, Idania Downman, Omar D\u00edaz, la agrupaci\u00f3n Afrodis\u00edaco, Luz Acosta y Danilo P\u00e9rez Global Messengers, para homenajear los 500 a\u00f1os de fundaci\u00f3n de la Ciudad de Panam\u00e1.<\/p>\n<p>&nbsp;<\/p>\n<p>&nbsp;<\/p>\n","protected":false},"excerpt":{"rendered":"<p>El Panam\u00e1 Jazz Festival 2019 podr\u00eda constituirse en un v\u00ednculo <a href=\"https:\/\/sertv.gob.pa\/crisolfm\/homenaje-al-panameno-alex-blake-en-panama-jazz-festival-2019\/\"> [&#8230;]<\/a><\/p>\n","protected":false},"author":64,"featured_media":14474,"comment_status":"closed","ping_status":"closed","sticky":false,"template":"","format":"standard","meta":{"footnotes":""},"categories":[6],"tags":[],"class_list":["post-14473","post","type-post","status-publish","format-standard","has-post-thumbnail","hentry","category-culturales"],"_links":{"self":[{"href":"https:\/\/sertv.gob.pa\/crisolfm\/wp-json\/wp\/v2\/posts\/14473","targetHints":{"allow":["GET"]}}],"collection":[{"href":"https:\/\/sertv.gob.pa\/crisolfm\/wp-json\/wp\/v2\/posts"}],"about":[{"href":"https:\/\/sertv.gob.pa\/crisolfm\/wp-json\/wp\/v2\/types\/post"}],"author":[{"embeddable":true,"href":"https:\/\/sertv.gob.pa\/crisolfm\/wp-json\/wp\/v2\/users\/64"}],"replies":[{"embeddable":true,"href":"https:\/\/sertv.gob.pa\/crisolfm\/wp-json\/wp\/v2\/comments?post=14473"}],"version-history":[{"count":1,"href":"https:\/\/sertv.gob.pa\/crisolfm\/wp-json\/wp\/v2\/posts\/14473\/revisions"}],"predecessor-version":[{"id":14475,"href":"https:\/\/sertv.gob.pa\/crisolfm\/wp-json\/wp\/v2\/posts\/14473\/revisions\/14475"}],"wp:featuredmedia":[{"embeddable":true,"href":"https:\/\/sertv.gob.pa\/crisolfm\/wp-json\/wp\/v2\/media\/14474"}],"wp:attachment":[{"href":"https:\/\/sertv.gob.pa\/crisolfm\/wp-json\/wp\/v2\/media?parent=14473"}],"wp:term":[{"taxonomy":"category","embeddable":true,"href":"https:\/\/sertv.gob.pa\/crisolfm\/wp-json\/wp\/v2\/categories?post=14473"},{"taxonomy":"post_tag","embeddable":true,"href":"https:\/\/sertv.gob.pa\/crisolfm\/wp-json\/wp\/v2\/tags?post=14473"}],"curies":[{"name":"wp","href":"https:\/\/api.w.org\/{rel}","templated":true}]}}