{"id":14479,"date":"2018-12-04T13:15:29","date_gmt":"2018-12-04T13:15:29","guid":{"rendered":"https:\/\/sertv.gob.pa\/crisolfm\/?p=14479"},"modified":"2018-12-04T13:15:29","modified_gmt":"2018-12-04T13:15:29","slug":"navidad-sinfonica-con-estudiantes-talentosos-en-varias-provincias-del-pais","status":"publish","type":"post","link":"https:\/\/sertv.gob.pa\/crisolfm\/navidad-sinfonica-con-estudiantes-talentosos-en-varias-provincias-del-pais\/","title":{"rendered":"\u2018Navidad Sinf\u00f3nica\u2019 con estudiantes talentosos en varias provincias del pa\u00eds"},"content":{"rendered":"<p>La Red de Orquestas y Coros Juveniles de Panam\u00e1 deleitar\u00e1 con sus intervenciones \u201cNavidad Sinf\u00f3nica\u201d. El 16 de diciembre estar\u00e1n en la Plaza Central del Multiplaza a las 4:00 p.m. En el interior del pa\u00eds el 17 de diciembre la cita ser\u00e1 en el Parque San Crist\u00f3bal de Chepo; 18 de diciembre cantar\u00e1n en el Parque 19 de Octubre de Aguadulce; el 19 de diciembre se presentar\u00e1n en la Iglesia Santiago Ap\u00f3stol de Santiago; en el Parque La Bandera de Chitr\u00e9 el 20 de diciembre y cerrar\u00e1n el 21 de diciembre en el Parque Cervantes de David.\u00a0 Todas las presentaciones ser\u00e1n a las 6:00p.m. en todos los lugares arriba mencionados.<\/p>\n<p>El director de esta agrupaci\u00f3n, Dino Nuget, manifest\u00f3 que cuentan con agrupaciones: pre infantil, infantil, coro, juvenil y varios grupos locales en las ciudades.<\/p>\n<p>&nbsp;<\/p>\n","protected":false},"excerpt":{"rendered":"<p>La Red de Orquestas y Coros Juveniles de Panam\u00e1 deleitar\u00e1 <a href=\"https:\/\/sertv.gob.pa\/crisolfm\/navidad-sinfonica-con-estudiantes-talentosos-en-varias-provincias-del-pais\/\"> [&#8230;]<\/a><\/p>\n","protected":false},"author":64,"featured_media":14480,"comment_status":"closed","ping_status":"closed","sticky":false,"template":"","format":"standard","meta":{"footnotes":""},"categories":[6],"tags":[],"class_list":["post-14479","post","type-post","status-publish","format-standard","has-post-thumbnail","hentry","category-culturales"],"_links":{"self":[{"href":"https:\/\/sertv.gob.pa\/crisolfm\/wp-json\/wp\/v2\/posts\/14479","targetHints":{"allow":["GET"]}}],"collection":[{"href":"https:\/\/sertv.gob.pa\/crisolfm\/wp-json\/wp\/v2\/posts"}],"about":[{"href":"https:\/\/sertv.gob.pa\/crisolfm\/wp-json\/wp\/v2\/types\/post"}],"author":[{"embeddable":true,"href":"https:\/\/sertv.gob.pa\/crisolfm\/wp-json\/wp\/v2\/users\/64"}],"replies":[{"embeddable":true,"href":"https:\/\/sertv.gob.pa\/crisolfm\/wp-json\/wp\/v2\/comments?post=14479"}],"version-history":[{"count":1,"href":"https:\/\/sertv.gob.pa\/crisolfm\/wp-json\/wp\/v2\/posts\/14479\/revisions"}],"predecessor-version":[{"id":14481,"href":"https:\/\/sertv.gob.pa\/crisolfm\/wp-json\/wp\/v2\/posts\/14479\/revisions\/14481"}],"wp:featuredmedia":[{"embeddable":true,"href":"https:\/\/sertv.gob.pa\/crisolfm\/wp-json\/wp\/v2\/media\/14480"}],"wp:attachment":[{"href":"https:\/\/sertv.gob.pa\/crisolfm\/wp-json\/wp\/v2\/media?parent=14479"}],"wp:term":[{"taxonomy":"category","embeddable":true,"href":"https:\/\/sertv.gob.pa\/crisolfm\/wp-json\/wp\/v2\/categories?post=14479"},{"taxonomy":"post_tag","embeddable":true,"href":"https:\/\/sertv.gob.pa\/crisolfm\/wp-json\/wp\/v2\/tags?post=14479"}],"curies":[{"name":"wp","href":"https:\/\/api.w.org\/{rel}","templated":true}]}}