{"id":14499,"date":"2018-12-04T15:42:59","date_gmt":"2018-12-04T15:42:59","guid":{"rendered":"https:\/\/sertv.gob.pa\/crisolfm\/?p=14499"},"modified":"2018-12-04T15:42:59","modified_gmt":"2018-12-04T15:42:59","slug":"la-historia-detras-de-la-carta-de-dios-la-misiva-mas-famosa-de-albert-einstein","status":"publish","type":"post","link":"https:\/\/sertv.gob.pa\/crisolfm\/la-historia-detras-de-la-carta-de-dios-la-misiva-mas-famosa-de-albert-einstein\/","title":{"rendered":"La historia detr\u00e1s de la \u00abcarta de Dios\u00bb, la misiva m\u00e1s famosa de Albert Einstein"},"content":{"rendered":"<p>La <a href=\"https:\/\/www.abc.es\/ciencia\/abci-subasta-carta-mas-dura-einstein-contra-dios-y-judios-201810041806_noticia.html\" target=\"_blank\" rel=\"noopener\">\u00abcarta de Dios\u00bb<\/a> de Albert Einstein, su ep\u00edstola<strong> m\u00e1s ic\u00f3nica <\/strong>en la que recoge sus <strong>pensamientos m\u00e1s profundos<\/strong> acerca del Se\u00f1or, su <strong>identidad jud\u00eda <\/strong>y la <strong>eterna b\u00fasqueda de sentido <\/strong>del hombre ser\u00e1 subastada hoy por Christie&#8217;s con un precio estimado de entre 1 y 1,5 millones de d\u00f3lares. Vamos a recordar la intrahistoria m\u00e1s all\u00e1 del propio contenido. El famoso cient\u00edfico escribi\u00f3 la ep\u00edstola el <strong>3 de enero de 1954<\/strong>. Iba dirigida a <strong>Eric Gutkid <\/strong>con motivo de su libro \u00abEscoja la Vida: la llamada b\u00edblica a la revuelta\u00bb, que se publicaba un a\u00f1o antes. En el libro, el fil\u00f3sofo presentaba a la Biblia como una llamada a las armas y al juda\u00edsmo e Israel, como incorruptibles. \u00a0<a href=\"https:\/\/www.abc.es\/ciencia\/abci-albert-einstein-genio-hombros-rayo-201807030220_noticia.html\" target=\"_blank\" rel=\"noopener\">Einstein<\/a> hab\u00eda le\u00eddo \u00abEscoja la Vida\u00bb animado por el matem\u00e1tico y fil\u00f3sofo L. E. J. Brouwer y en la carta pon\u00eda de manifiesto sus reflexiones. La <strong>cr\u00edtica era inequ\u00edvoca<\/strong>, pero el genio tambi\u00e9n destacaba en ella los <strong>puntos en com\u00fan <\/strong>que hab\u00eda entre ambos, subrayando a Gutkid que estaban de acuerdo en \u00ablo esencial\u00bb.<\/p>\n<p>De una forma muy diplom\u00e1tica, le hac\u00eda ver que los dos cre\u00edan en la importancia de una <strong>moral fuerte<\/strong>, que sobrepasara el propio inter\u00e9s y pusiera en primer lugar el <strong>beneficio de la humanidad<\/strong>, mientras <strong>rechazaban el materialismo <\/strong>como un fin en s\u00ed mismo, una actitud muy antiamericana que compart\u00edan. <strong>Dos meses <\/strong>despu\u00e9s de Einstein escribiera la misiva en alem\u00e1n y en Princeton, celebraba su <strong>75 cumplea\u00f1os<\/strong>, donde hac\u00eda su c\u00e9lebre declaraci\u00f3n \u00abSoy un profundo no creyente\u00bb. Un<strong> a\u00f1o despu\u00e9s, el cient\u00edfico fallec\u00eda. <\/strong>La ep\u00edstola no solo contiene las palabras de uno de los grandes genios de la historia que sent\u00eda que su fin se estaba aproximando, tambi\u00e9n recoge las preguntas filos\u00f3ficas y religiosas que lleva haci\u00e9ndose el hombre desde el principio de los tiempos: <strong>\u00bfExiste Dios? \u00bfTengo libre albedr\u00edo?<\/strong><\/p>\n<p>ABC Cultura<\/p>\n","protected":false},"excerpt":{"rendered":"<p>La \u00abcarta de Dios\u00bb de Albert Einstein, su ep\u00edstola m\u00e1s <a href=\"https:\/\/sertv.gob.pa\/crisolfm\/la-historia-detras-de-la-carta-de-dios-la-misiva-mas-famosa-de-albert-einstein\/\"> [&#8230;]<\/a><\/p>\n","protected":false},"author":64,"featured_media":14500,"comment_status":"closed","ping_status":"closed","sticky":false,"template":"","format":"standard","meta":{"footnotes":""},"categories":[6],"tags":[],"class_list":["post-14499","post","type-post","status-publish","format-standard","has-post-thumbnail","hentry","category-culturales"],"_links":{"self":[{"href":"https:\/\/sertv.gob.pa\/crisolfm\/wp-json\/wp\/v2\/posts\/14499","targetHints":{"allow":["GET"]}}],"collection":[{"href":"https:\/\/sertv.gob.pa\/crisolfm\/wp-json\/wp\/v2\/posts"}],"about":[{"href":"https:\/\/sertv.gob.pa\/crisolfm\/wp-json\/wp\/v2\/types\/post"}],"author":[{"embeddable":true,"href":"https:\/\/sertv.gob.pa\/crisolfm\/wp-json\/wp\/v2\/users\/64"}],"replies":[{"embeddable":true,"href":"https:\/\/sertv.gob.pa\/crisolfm\/wp-json\/wp\/v2\/comments?post=14499"}],"version-history":[{"count":1,"href":"https:\/\/sertv.gob.pa\/crisolfm\/wp-json\/wp\/v2\/posts\/14499\/revisions"}],"predecessor-version":[{"id":14501,"href":"https:\/\/sertv.gob.pa\/crisolfm\/wp-json\/wp\/v2\/posts\/14499\/revisions\/14501"}],"wp:featuredmedia":[{"embeddable":true,"href":"https:\/\/sertv.gob.pa\/crisolfm\/wp-json\/wp\/v2\/media\/14500"}],"wp:attachment":[{"href":"https:\/\/sertv.gob.pa\/crisolfm\/wp-json\/wp\/v2\/media?parent=14499"}],"wp:term":[{"taxonomy":"category","embeddable":true,"href":"https:\/\/sertv.gob.pa\/crisolfm\/wp-json\/wp\/v2\/categories?post=14499"},{"taxonomy":"post_tag","embeddable":true,"href":"https:\/\/sertv.gob.pa\/crisolfm\/wp-json\/wp\/v2\/tags?post=14499"}],"curies":[{"name":"wp","href":"https:\/\/api.w.org\/{rel}","templated":true}]}}