{"id":14505,"date":"2018-12-04T18:18:37","date_gmt":"2018-12-04T18:18:37","guid":{"rendered":"https:\/\/sertv.gob.pa\/crisolfm\/?p=14505"},"modified":"2018-12-04T18:18:37","modified_gmt":"2018-12-04T18:18:37","slug":"polemica-en-noruega-por-la-exclusion-del-holocausto-en-el-plan-de-estudios","status":"publish","type":"post","link":"https:\/\/sertv.gob.pa\/crisolfm\/polemica-en-noruega-por-la-exclusion-del-holocausto-en-el-plan-de-estudios\/","title":{"rendered":"Pol\u00e9mica en Noruega por la exclusi\u00f3n del Holocausto en el plan de estudios"},"content":{"rendered":"<p>Renovar el plan de estudios en Noruega se ha convertido en objeto de pol\u00e9mica. La semana pasada el peri\u00f3dico de izquierdas <em>Klassekampen<\/em> avanzaba la noticia sobre la exclusi\u00f3n del Holocausto y la Segunda Guerra Mundial en el borrador que ha confeccionado el gobierno conservador de Erna Solberg para reformar la educaci\u00f3n primaria y secundaria. El \u00abFagnynyelsen\u00bb, el proyecto con el que se pretende innovar la educaci\u00f3n de los j\u00f3venes noruegos en 2019, se centra en contenidos que sean \u201crelevantes para el futuro\u201d, afirman sus responsables.\u00a0Una de las materias que m\u00e1s mermas va a sufrir corresponde a las ciencias sociales, en especial la historia, que retrocede a favor de temas con perspectiva contempor\u00e1nea. Como resultado de esa modificaci\u00f3n, desaparecer\u00e1 la menci\u00f3n a eventos hist\u00f3ricos como la Segunda Gran Guerra, durante la que Alemania <a href=\"https:\/\/es.wikipedia.org\/wiki\/Ocupaci%C3%B3n_de_Noruega_por_la_Alemania_nazi\" target=\"_blank\" rel=\"noopener\">invadi\u00f3 el pa\u00eds y lo gobern\u00f3 a trav\u00e9s de una administraci\u00f3n militar<\/a> y un gobierno de noruegos afines.<\/p>\n<p>\u201cEl Holocausto y la Segunda Guerra Mundial deben tener un lugar completamente natural en el curr\u00edculum escolar. Es impensable presentar un plan de estudios en 2018 sin incluir el mayor conflicto civil de nuestro tiempo\u201d, lamentaba al diario noruego Ervin Kohn, presidente de la comunidad jud\u00eda de Oslo. En la misma l\u00ednea se expresaba Irene Trysnes, profesora asociada de Ciencias Sociales en la Universidad de Agder, coautora de una carta de protesta contra el borrador en la que varios profesores universitarios critican el nuevo plan de estudios en materia de ciencias sociales en el que, sostienen, \u00abtanto la historia como los aspectos geogr\u00e1ficos est\u00e1n en riesgo de desaparecer\u00bb. \u201cAlgunos objetivos son muy espec\u00edficos, mientras que otros son m\u00e1s vagos. Se enfatiza que los estudiantes van a aprender la historia de los samis, pero no hay nada sobre la Segunda Guerra Mundial y el Holocausto\u201d, recalcan los investigadores de Agder en la misiva.<\/p>\n<p>El Pa\u00eds<\/p>\n","protected":false},"excerpt":{"rendered":"<p>Renovar el plan de estudios en Noruega se ha convertido <a href=\"https:\/\/sertv.gob.pa\/crisolfm\/polemica-en-noruega-por-la-exclusion-del-holocausto-en-el-plan-de-estudios\/\"> [&#8230;]<\/a><\/p>\n","protected":false},"author":64,"featured_media":14506,"comment_status":"closed","ping_status":"closed","sticky":false,"template":"","format":"standard","meta":{"footnotes":""},"categories":[6],"tags":[],"class_list":["post-14505","post","type-post","status-publish","format-standard","has-post-thumbnail","hentry","category-culturales"],"_links":{"self":[{"href":"https:\/\/sertv.gob.pa\/crisolfm\/wp-json\/wp\/v2\/posts\/14505","targetHints":{"allow":["GET"]}}],"collection":[{"href":"https:\/\/sertv.gob.pa\/crisolfm\/wp-json\/wp\/v2\/posts"}],"about":[{"href":"https:\/\/sertv.gob.pa\/crisolfm\/wp-json\/wp\/v2\/types\/post"}],"author":[{"embeddable":true,"href":"https:\/\/sertv.gob.pa\/crisolfm\/wp-json\/wp\/v2\/users\/64"}],"replies":[{"embeddable":true,"href":"https:\/\/sertv.gob.pa\/crisolfm\/wp-json\/wp\/v2\/comments?post=14505"}],"version-history":[{"count":1,"href":"https:\/\/sertv.gob.pa\/crisolfm\/wp-json\/wp\/v2\/posts\/14505\/revisions"}],"predecessor-version":[{"id":14507,"href":"https:\/\/sertv.gob.pa\/crisolfm\/wp-json\/wp\/v2\/posts\/14505\/revisions\/14507"}],"wp:featuredmedia":[{"embeddable":true,"href":"https:\/\/sertv.gob.pa\/crisolfm\/wp-json\/wp\/v2\/media\/14506"}],"wp:attachment":[{"href":"https:\/\/sertv.gob.pa\/crisolfm\/wp-json\/wp\/v2\/media?parent=14505"}],"wp:term":[{"taxonomy":"category","embeddable":true,"href":"https:\/\/sertv.gob.pa\/crisolfm\/wp-json\/wp\/v2\/categories?post=14505"},{"taxonomy":"post_tag","embeddable":true,"href":"https:\/\/sertv.gob.pa\/crisolfm\/wp-json\/wp\/v2\/tags?post=14505"}],"curies":[{"name":"wp","href":"https:\/\/api.w.org\/{rel}","templated":true}]}}