{"id":14523,"date":"2018-12-05T13:26:56","date_gmt":"2018-12-05T13:26:56","guid":{"rendered":"https:\/\/sertv.gob.pa\/crisolfm\/?p=14523"},"modified":"2018-12-05T13:26:56","modified_gmt":"2018-12-05T13:26:56","slug":"maestra-vida-un-cortometraje-inspirado-en-ruben-blades","status":"publish","type":"post","link":"https:\/\/sertv.gob.pa\/crisolfm\/maestra-vida-un-cortometraje-inspirado-en-ruben-blades\/","title":{"rendered":"\u201cMaestra vida\u201d, un cortometraje inspirado en Rub\u00e9n Blades"},"content":{"rendered":"<p>El tema del reconocido m\u00fasico, ganador de 13 premios Grammy, es hom\u00f3nimo y pieza central del cortometraje producido por Augusto Posso Cascaroso, quien igualmente act\u00faa en la producci\u00f3n, bajo la direcci\u00f3n de Alberto Serra, quien dirigi\u00f3 \u2018La fuerza del bal\u00f3n&#8217;. Posso escoge \u2018Maestra vida&#8217; por el contenido de su letra. \u2018Quer\u00edamos hacer una producci\u00f3n distinta, que tuviese contenido social y musical&#8217;, comenta. El corto \u2018describe c\u00f3mo es la vida y c\u00f3mo, con el pasar de los a\u00f1os, de forma dr\u00e1stica, se vuelve dif\u00edcil&#8217;, explica el productor.<\/p>\n<p>El cortometraje, que se estren\u00f3 recientemente en esta capital, cuenta con la participaci\u00f3n de Sara Bello y Rafa Moreno. Sara interpreta a Manuela P\u00e9rez y Rafa protagoniza a Carmelo Da Silva. Igualmente participan Mary Gaby Sealy, Miroslava Morales, Vicente Ch\u00e1vez, Leo Almengor y Miguel Oyola. El cortometraje se estren\u00f3 en el Teatro Amador, en el Casco Antiguo, el 27 de noviembre, en una velada para medios de comunicaci\u00f3n e invitados especiales. Est\u00e1 disponible a todo el p\u00fablico desde la plataforma Youtube. El \u00e1lbum \u201cMaestra vida\u201d fue publicado en el a\u00f1o 1980 por la discogr\u00e1fica Fania Records.<\/p>\n<p>&nbsp;<\/p>\n","protected":false},"excerpt":{"rendered":"<p>El tema del reconocido m\u00fasico, ganador de 13 premios Grammy, <a href=\"https:\/\/sertv.gob.pa\/crisolfm\/maestra-vida-un-cortometraje-inspirado-en-ruben-blades\/\"> [&#8230;]<\/a><\/p>\n","protected":false},"author":64,"featured_media":14524,"comment_status":"closed","ping_status":"closed","sticky":false,"template":"","format":"standard","meta":{"footnotes":""},"categories":[6],"tags":[],"class_list":["post-14523","post","type-post","status-publish","format-standard","has-post-thumbnail","hentry","category-culturales"],"_links":{"self":[{"href":"https:\/\/sertv.gob.pa\/crisolfm\/wp-json\/wp\/v2\/posts\/14523","targetHints":{"allow":["GET"]}}],"collection":[{"href":"https:\/\/sertv.gob.pa\/crisolfm\/wp-json\/wp\/v2\/posts"}],"about":[{"href":"https:\/\/sertv.gob.pa\/crisolfm\/wp-json\/wp\/v2\/types\/post"}],"author":[{"embeddable":true,"href":"https:\/\/sertv.gob.pa\/crisolfm\/wp-json\/wp\/v2\/users\/64"}],"replies":[{"embeddable":true,"href":"https:\/\/sertv.gob.pa\/crisolfm\/wp-json\/wp\/v2\/comments?post=14523"}],"version-history":[{"count":1,"href":"https:\/\/sertv.gob.pa\/crisolfm\/wp-json\/wp\/v2\/posts\/14523\/revisions"}],"predecessor-version":[{"id":14525,"href":"https:\/\/sertv.gob.pa\/crisolfm\/wp-json\/wp\/v2\/posts\/14523\/revisions\/14525"}],"wp:featuredmedia":[{"embeddable":true,"href":"https:\/\/sertv.gob.pa\/crisolfm\/wp-json\/wp\/v2\/media\/14524"}],"wp:attachment":[{"href":"https:\/\/sertv.gob.pa\/crisolfm\/wp-json\/wp\/v2\/media?parent=14523"}],"wp:term":[{"taxonomy":"category","embeddable":true,"href":"https:\/\/sertv.gob.pa\/crisolfm\/wp-json\/wp\/v2\/categories?post=14523"},{"taxonomy":"post_tag","embeddable":true,"href":"https:\/\/sertv.gob.pa\/crisolfm\/wp-json\/wp\/v2\/tags?post=14523"}],"curies":[{"name":"wp","href":"https:\/\/api.w.org\/{rel}","templated":true}]}}