{"id":14545,"date":"2018-12-05T15:05:37","date_gmt":"2018-12-05T15:05:37","guid":{"rendered":"https:\/\/sertv.gob.pa\/crisolfm\/?p=14545"},"modified":"2018-12-05T15:05:37","modified_gmt":"2018-12-05T15:05:37","slug":"el-prado-a-20-000-euros-de-conseguir-un-cuadro-de-vouet-gracias-al-micromecenazgo","status":"publish","type":"post","link":"https:\/\/sertv.gob.pa\/crisolfm\/el-prado-a-20-000-euros-de-conseguir-un-cuadro-de-vouet-gracias-al-micromecenazgo\/","title":{"rendered":"El Prado, a 20.000 euros de conseguir un cuadro de Vouet gracias al micromecenazgo"},"content":{"rendered":"<p>A cuatro d\u00edas de que concluya el plazo marcado, el <a href=\"https:\/\/www.abc.es\/cultura\/arte\/museos\/museo-nacional-del-prado\/\" target=\"_blank\" rel=\"noopener\">Museo del Prado<\/a> est\u00e1 a 20.000 euros de conseguir los 200.000 que se propuso el pasado 17 de septiembre como objetivo en una <strong>campa\u00f1a de micromecenazgo<\/strong> para adquirir el cuadro \u00abRetrato de ni\u00f1a con paloma\u00bb, de <a href=\"https:\/\/www.abc.es\/cultura\/arte\/abci-prado-busca-recaudar-200000-euros-para-comprar-vouet-201809171730_noticia.html\" target=\"_blank\" rel=\"noopener\">Vouet<\/a>, inform\u00f3 hoy en una nota la pinacoteca. El prop\u00f3sito de esta iniciativa era favorecer la participaci\u00f3n de los particulares en la adquisici\u00f3n del cuadro. Del total de <strong>180.000 euros recaudados<\/strong> hasta ahora, algo m\u00e1s de 150.000 han sido donados por cerca de 5.400 particulares <a href=\"https:\/\/www.museodelprado.es\/bicentenario\/micromecenazgo\" target=\"_blank\" rel=\"noopener\">a trav\u00e9s de la p\u00e1gina web<\/a> y de las aportaciones en la propia sala donde se expone la obra. El resto provienen de una <strong>donaci\u00f3n de Iberia<\/strong> como compromiso de colaboraci\u00f3n con el Bicentenario, empresas francesas a trav\u00e9s de la Fundaci\u00f3n de Amigos del Prado y otra donaci\u00f3n empresarial \u00aba punto de firmarse\u00bb.<\/p>\n<p>Las <strong>donaciones, a partir de 5 euros<\/strong>, se pueden continuar realizando presencialmente en el Museo, en una urna que se expone en una sala adyacente a la Sala de las Musas, y a trav\u00e9s de la web <a href=\"http:\/\/www.museodelprado.es\/bicentenario\/micromecenazgo\" target=\"_blank\" rel=\"noopener\">www.museodelprado.es\/bicentenario\/micromecenazgo<\/a>. Se trata de la primera experiencia de este tipo que pone en marcha el museo y dependiendo de su resultado iniciar\u00e1 otros proyectos, seg\u00fan explic\u00f3 en su presentaci\u00f3n el director del Prado, <a href=\"https:\/\/www.abc.es\/cultura\/arte\/abci-miguel-falomir-prado-pasado-contenedor-cuadros-museo-moderno-201811190124_noticia.html\" target=\"_blank\" rel=\"noopener\">Miguel Falomir<\/a>. El cuadro de esta primera experiencia no se hab\u00eda expuesto p\u00fablicamente nunca hasta el pasado 17 de septiembre. Pertenece a una coleccionista privada, residente en Espa\u00f1a de la que el museo no ha querido aportar datos.<\/p>\n<p>&nbsp;<\/p>\n<p>ABC Cultura<\/p>\n","protected":false},"excerpt":{"rendered":"<p>A cuatro d\u00edas de que concluya el plazo marcado, el <a href=\"https:\/\/sertv.gob.pa\/crisolfm\/el-prado-a-20-000-euros-de-conseguir-un-cuadro-de-vouet-gracias-al-micromecenazgo\/\"> [&#8230;]<\/a><\/p>\n","protected":false},"author":64,"featured_media":14548,"comment_status":"closed","ping_status":"closed","sticky":false,"template":"","format":"standard","meta":{"footnotes":""},"categories":[6],"tags":[],"class_list":["post-14545","post","type-post","status-publish","format-standard","has-post-thumbnail","hentry","category-culturales"],"_links":{"self":[{"href":"https:\/\/sertv.gob.pa\/crisolfm\/wp-json\/wp\/v2\/posts\/14545","targetHints":{"allow":["GET"]}}],"collection":[{"href":"https:\/\/sertv.gob.pa\/crisolfm\/wp-json\/wp\/v2\/posts"}],"about":[{"href":"https:\/\/sertv.gob.pa\/crisolfm\/wp-json\/wp\/v2\/types\/post"}],"author":[{"embeddable":true,"href":"https:\/\/sertv.gob.pa\/crisolfm\/wp-json\/wp\/v2\/users\/64"}],"replies":[{"embeddable":true,"href":"https:\/\/sertv.gob.pa\/crisolfm\/wp-json\/wp\/v2\/comments?post=14545"}],"version-history":[{"count":1,"href":"https:\/\/sertv.gob.pa\/crisolfm\/wp-json\/wp\/v2\/posts\/14545\/revisions"}],"predecessor-version":[{"id":14549,"href":"https:\/\/sertv.gob.pa\/crisolfm\/wp-json\/wp\/v2\/posts\/14545\/revisions\/14549"}],"wp:featuredmedia":[{"embeddable":true,"href":"https:\/\/sertv.gob.pa\/crisolfm\/wp-json\/wp\/v2\/media\/14548"}],"wp:attachment":[{"href":"https:\/\/sertv.gob.pa\/crisolfm\/wp-json\/wp\/v2\/media?parent=14545"}],"wp:term":[{"taxonomy":"category","embeddable":true,"href":"https:\/\/sertv.gob.pa\/crisolfm\/wp-json\/wp\/v2\/categories?post=14545"},{"taxonomy":"post_tag","embeddable":true,"href":"https:\/\/sertv.gob.pa\/crisolfm\/wp-json\/wp\/v2\/tags?post=14545"}],"curies":[{"name":"wp","href":"https:\/\/api.w.org\/{rel}","templated":true}]}}