{"id":14550,"date":"2018-12-05T17:54:12","date_gmt":"2018-12-05T17:54:12","guid":{"rendered":"https:\/\/sertv.gob.pa\/crisolfm\/?p=14550"},"modified":"2018-12-05T17:54:12","modified_gmt":"2018-12-05T17:54:12","slug":"arte-popular-colombiano-y-venezolano-en-expoartesanias-2018","status":"publish","type":"post","link":"https:\/\/sertv.gob.pa\/crisolfm\/arte-popular-colombiano-y-venezolano-en-expoartesanias-2018\/","title":{"rendered":"Arte popular colombiano y venezolano en Expoartesan\u00edas 2018"},"content":{"rendered":"<p>La fundaci\u00f3n BAT Colombia y la Fundaci\u00f3n Bigott de Venezuela, con la asesor\u00eda de Artesan\u00edas de Colombia, convocaron artistas colombianos y venezolanos para comercializar sus obras en el marco de Expoartesan\u00edas 2018. Las piezas que nacen de nuestras tradiciones, creencias y costumbres. El arte popular que refleja lo que hemos sido y lo que somos. Las obras que se exhibir\u00e1n, gracias a Artesan\u00edas de Colombia y las fundaciones Bat Colombia y Bigott de Venezuela, ser\u00e1n las de los artistas que se caracterizan por ser autodidactas y se han dejado guiar por las ra\u00edces.<\/p>\n<p>Ser\u00e1n 15 colombianos los encargados de visibilizar y comercializar estas creaciones para consolidar la creaci\u00f3n de arte emp\u00edrico. Entre ellos estar\u00e1 Gloria Amparo Morales, una cale\u00f1a que se dedica con su c\u00e1mara fotogr\u00e1fica a captar escenas en Buenaventura para\u00a0plasmarlas en sus lienzos. La obra de la artista es hiperrealista y su mayor referente ha sido el hol\u00e1ndes Rembrandt, uno de los mayores exponentes del Barroco. En el a\u00f1o 2014, Gloria fue la ganadora del primer premio en el Cuarto Sal\u00f3n BAT, y su m\u00e1s reciente obra fue acreedora a menci\u00f3n honorifica con su pintura\u00a0\u201cSara y el Mar\u201d. \u00a0De acuerdo con Ana Mar\u00eda Delgado, gerente de la Fundaci\u00f3n BAT Colombia \u201cExpoartesan\u00edas 2018, es una gran oportunidad para visibilizar el talento de los artistas populares y para que comercialicen sus obras. Es la vitrina comercial de artesan\u00edas y arte popular m\u00e1s grande de Am\u00e9rica Latina\u201d.<\/p>\n<p>&nbsp;<\/p>\n<p>El Espectador<\/p>\n","protected":false},"excerpt":{"rendered":"<p>La fundaci\u00f3n BAT Colombia y la Fundaci\u00f3n Bigott de Venezuela, <a href=\"https:\/\/sertv.gob.pa\/crisolfm\/arte-popular-colombiano-y-venezolano-en-expoartesanias-2018\/\"> [&#8230;]<\/a><\/p>\n","protected":false},"author":64,"featured_media":14551,"comment_status":"closed","ping_status":"closed","sticky":false,"template":"","format":"standard","meta":{"footnotes":""},"categories":[6],"tags":[],"class_list":["post-14550","post","type-post","status-publish","format-standard","has-post-thumbnail","hentry","category-culturales"],"_links":{"self":[{"href":"https:\/\/sertv.gob.pa\/crisolfm\/wp-json\/wp\/v2\/posts\/14550","targetHints":{"allow":["GET"]}}],"collection":[{"href":"https:\/\/sertv.gob.pa\/crisolfm\/wp-json\/wp\/v2\/posts"}],"about":[{"href":"https:\/\/sertv.gob.pa\/crisolfm\/wp-json\/wp\/v2\/types\/post"}],"author":[{"embeddable":true,"href":"https:\/\/sertv.gob.pa\/crisolfm\/wp-json\/wp\/v2\/users\/64"}],"replies":[{"embeddable":true,"href":"https:\/\/sertv.gob.pa\/crisolfm\/wp-json\/wp\/v2\/comments?post=14550"}],"version-history":[{"count":1,"href":"https:\/\/sertv.gob.pa\/crisolfm\/wp-json\/wp\/v2\/posts\/14550\/revisions"}],"predecessor-version":[{"id":14552,"href":"https:\/\/sertv.gob.pa\/crisolfm\/wp-json\/wp\/v2\/posts\/14550\/revisions\/14552"}],"wp:featuredmedia":[{"embeddable":true,"href":"https:\/\/sertv.gob.pa\/crisolfm\/wp-json\/wp\/v2\/media\/14551"}],"wp:attachment":[{"href":"https:\/\/sertv.gob.pa\/crisolfm\/wp-json\/wp\/v2\/media?parent=14550"}],"wp:term":[{"taxonomy":"category","embeddable":true,"href":"https:\/\/sertv.gob.pa\/crisolfm\/wp-json\/wp\/v2\/categories?post=14550"},{"taxonomy":"post_tag","embeddable":true,"href":"https:\/\/sertv.gob.pa\/crisolfm\/wp-json\/wp\/v2\/tags?post=14550"}],"curies":[{"name":"wp","href":"https:\/\/api.w.org\/{rel}","templated":true}]}}