{"id":14581,"date":"2018-12-06T13:33:22","date_gmt":"2018-12-06T13:33:22","guid":{"rendered":"https:\/\/sertv.gob.pa\/crisolfm\/?p=14581"},"modified":"2018-12-06T13:33:22","modified_gmt":"2018-12-06T13:33:22","slug":"con-encendido-de-la-janukia-los-judios-celebran-la-fiesta-de-las-luces","status":"publish","type":"post","link":"https:\/\/sertv.gob.pa\/crisolfm\/con-encendido-de-la-janukia-los-judios-celebran-la-fiesta-de-las-luces\/","title":{"rendered":"Con encendido de la Januk\u00eda los jud\u00edos celebran la Fiesta de las Luces"},"content":{"rendered":"<p>Es una \u00e9poca de alegr\u00eda y felicidad en la comunidad jud\u00eda. As\u00ed lo han demostrado con el encendido de la Januk\u00eda en el Parque Mirador Paitilla, en celebraci\u00f3n a la Fiesta de Januc\u00e1 o Fiesta de las Luces. La actividad, organizada por la Embajada de Israel y la Comunidad Jud\u00eda en Panam\u00e1, que cont\u00f3 con m\u00fasica en vivo, celebra la victoria jud\u00eda sobre el r\u00e9gimen Greco-Sirio de Antiokus, que intent\u00f3 helenizar a los jud\u00edos y abolir muchas de sus pr\u00e1cticas. Cuando los jud\u00edos recuperaron el Templo y volvieron a encender la Menor\u00e1, \u2013un recipiente con aceite puro que alcanzaba solo para arder un d\u00eda ardi\u00f3 durante ocho d\u00edas \u2013 los ocho d\u00edas de Januc\u00e1.<\/p>\n<p>La festividad consiste en encender una vela distinta durante 8 noches seguidas, adem\u00e1s de la vela m\u00e1s alta (shamash). El embajador de Israel, Reda Mansour; el presidente de la C\u00e1mara de Comercio, Industrias y Agricultura Panam\u00e1 \u2013 Israel, Il\u00e1n Shatz, acompa\u00f1aron en el evento.<\/p>\n<p>&nbsp;<\/p>\n","protected":false},"excerpt":{"rendered":"<p>Es una \u00e9poca de alegr\u00eda y felicidad en la comunidad <a href=\"https:\/\/sertv.gob.pa\/crisolfm\/con-encendido-de-la-janukia-los-judios-celebran-la-fiesta-de-las-luces\/\"> [&#8230;]<\/a><\/p>\n","protected":false},"author":64,"featured_media":14582,"comment_status":"closed","ping_status":"closed","sticky":false,"template":"","format":"standard","meta":{"footnotes":""},"categories":[6],"tags":[],"class_list":["post-14581","post","type-post","status-publish","format-standard","has-post-thumbnail","hentry","category-culturales"],"_links":{"self":[{"href":"https:\/\/sertv.gob.pa\/crisolfm\/wp-json\/wp\/v2\/posts\/14581","targetHints":{"allow":["GET"]}}],"collection":[{"href":"https:\/\/sertv.gob.pa\/crisolfm\/wp-json\/wp\/v2\/posts"}],"about":[{"href":"https:\/\/sertv.gob.pa\/crisolfm\/wp-json\/wp\/v2\/types\/post"}],"author":[{"embeddable":true,"href":"https:\/\/sertv.gob.pa\/crisolfm\/wp-json\/wp\/v2\/users\/64"}],"replies":[{"embeddable":true,"href":"https:\/\/sertv.gob.pa\/crisolfm\/wp-json\/wp\/v2\/comments?post=14581"}],"version-history":[{"count":1,"href":"https:\/\/sertv.gob.pa\/crisolfm\/wp-json\/wp\/v2\/posts\/14581\/revisions"}],"predecessor-version":[{"id":14583,"href":"https:\/\/sertv.gob.pa\/crisolfm\/wp-json\/wp\/v2\/posts\/14581\/revisions\/14583"}],"wp:featuredmedia":[{"embeddable":true,"href":"https:\/\/sertv.gob.pa\/crisolfm\/wp-json\/wp\/v2\/media\/14582"}],"wp:attachment":[{"href":"https:\/\/sertv.gob.pa\/crisolfm\/wp-json\/wp\/v2\/media?parent=14581"}],"wp:term":[{"taxonomy":"category","embeddable":true,"href":"https:\/\/sertv.gob.pa\/crisolfm\/wp-json\/wp\/v2\/categories?post=14581"},{"taxonomy":"post_tag","embeddable":true,"href":"https:\/\/sertv.gob.pa\/crisolfm\/wp-json\/wp\/v2\/tags?post=14581"}],"curies":[{"name":"wp","href":"https:\/\/api.w.org\/{rel}","templated":true}]}}