{"id":14618,"date":"2018-12-07T13:43:46","date_gmt":"2018-12-07T13:43:46","guid":{"rendered":"https:\/\/sertv.gob.pa\/crisolfm\/?p=14618"},"modified":"2018-12-07T13:43:46","modified_gmt":"2018-12-07T13:43:46","slug":"la-estatua-de-colon-en-nueva-york-nombrada-lugar-historico-nacional","status":"publish","type":"post","link":"https:\/\/sertv.gob.pa\/crisolfm\/la-estatua-de-colon-en-nueva-york-nombrada-lugar-historico-nacional\/","title":{"rendered":"La estatua de Col\u00f3n en Nueva York, nombrada lugar hist\u00f3rico nacional"},"content":{"rendered":"<p>La estatua de Crist\u00f3bal Col\u00f3n erigida en la ciudad de Nueva York ha sido incluida en la lista nacional de lugares hist\u00f3ricos, despu\u00e9s de un <a href=\"https:\/\/www.abc.es\/cultura\/abci-historiadores-contra-ofensiva-antihispanica-estados-unidos-problema-no-colon-201811220215_noticia.html\" target=\"_blank\" rel=\"noopener\">pol\u00e9mica surgida a principios de a\u00f1o<\/a>, cuando varias personalidades y grupos civiles <strong>pidieron su retirada por considerarla un \u00abs\u00edmbolo de odio\u00bb.<\/strong> <strong>\u00abEl monumento de Col\u00f3n es venerado por la comunidad italo-americana en Nueva York<\/strong> y constituye un tributo a las maneras en las que nuestro estado ha dado la bienvenida a los inmigrantes de todo el mundo\u00bb, declar\u00f3 el gobernador del estado de Nueva York, Andrew M. Cuomo, en un comunicado difundido hoy.<\/p>\n<p>La estatua fue incluida el pasado 20 de septiembre en el registro hist\u00f3rico del estado, y la Oficina para la Preservaci\u00f3n Hist\u00f3rica del estado de Nueva York decidi\u00f3 proponer su nombre al Registro Nacional de Lugares Hist\u00f3ricos, <a href=\"https:\/\/www.abc.es\/cultura\/abci-genocida-y-pedofilo-colon-enemigo-publico-numero-revisionismo-201811180112_noticia.html\" target=\"_blank\" rel=\"noopener\">que incluy\u00f3 la estatua en su directorio el pasado 20 de noviembre<\/a>. Seg\u00fan el comunicado, la estatua, erigida en 1892 en el parque neoyorquino de Central Park, tiene un valor hist\u00f3rico como \u00abejemplo de arte p\u00fablico\u00bb y por <strong>\u00abla representaci\u00f3n de la historia \u00e9tnica y social\u00bb del pa\u00eds.<\/strong><\/p>\n<p>ABC Cultura<\/p>\n","protected":false},"excerpt":{"rendered":"<p>La estatua de Crist\u00f3bal Col\u00f3n erigida en la ciudad de <a href=\"https:\/\/sertv.gob.pa\/crisolfm\/la-estatua-de-colon-en-nueva-york-nombrada-lugar-historico-nacional\/\"> [&#8230;]<\/a><\/p>\n","protected":false},"author":64,"featured_media":14619,"comment_status":"closed","ping_status":"closed","sticky":false,"template":"","format":"standard","meta":{"footnotes":""},"categories":[6],"tags":[],"class_list":["post-14618","post","type-post","status-publish","format-standard","has-post-thumbnail","hentry","category-culturales"],"_links":{"self":[{"href":"https:\/\/sertv.gob.pa\/crisolfm\/wp-json\/wp\/v2\/posts\/14618","targetHints":{"allow":["GET"]}}],"collection":[{"href":"https:\/\/sertv.gob.pa\/crisolfm\/wp-json\/wp\/v2\/posts"}],"about":[{"href":"https:\/\/sertv.gob.pa\/crisolfm\/wp-json\/wp\/v2\/types\/post"}],"author":[{"embeddable":true,"href":"https:\/\/sertv.gob.pa\/crisolfm\/wp-json\/wp\/v2\/users\/64"}],"replies":[{"embeddable":true,"href":"https:\/\/sertv.gob.pa\/crisolfm\/wp-json\/wp\/v2\/comments?post=14618"}],"version-history":[{"count":1,"href":"https:\/\/sertv.gob.pa\/crisolfm\/wp-json\/wp\/v2\/posts\/14618\/revisions"}],"predecessor-version":[{"id":14620,"href":"https:\/\/sertv.gob.pa\/crisolfm\/wp-json\/wp\/v2\/posts\/14618\/revisions\/14620"}],"wp:featuredmedia":[{"embeddable":true,"href":"https:\/\/sertv.gob.pa\/crisolfm\/wp-json\/wp\/v2\/media\/14619"}],"wp:attachment":[{"href":"https:\/\/sertv.gob.pa\/crisolfm\/wp-json\/wp\/v2\/media?parent=14618"}],"wp:term":[{"taxonomy":"category","embeddable":true,"href":"https:\/\/sertv.gob.pa\/crisolfm\/wp-json\/wp\/v2\/categories?post=14618"},{"taxonomy":"post_tag","embeddable":true,"href":"https:\/\/sertv.gob.pa\/crisolfm\/wp-json\/wp\/v2\/tags?post=14618"}],"curies":[{"name":"wp","href":"https:\/\/api.w.org\/{rel}","templated":true}]}}